{"id":1050,"date":"2024-09-30T14:56:04","date_gmt":"2024-09-30T12:56:04","guid":{"rendered":"https:\/\/www.artecreativo.de\/wordpress\/?p=1050"},"modified":"2025-05-04T20:30:22","modified_gmt":"2025-05-04T18:30:22","slug":"sieg-beim-selbsthilfepreis-nrw-2024","status":"publish","type":"post","link":"https:\/\/www.artecreativo.de\/wordpress\/sieg-beim-selbsthilfepreis-nrw-2024\/","title":{"rendered":"Sieg beim Selbsthilfepreis NRW 2024"},"content":{"rendered":"\n<figure class=\"wp-block-image size-full\"><a href=\"https:\/\/www.artecreativo.de\/wordpress\/wp-content\/uploads\/2024\/09\/Selbsthilfepreis_2024.jpg\"><img loading=\"lazy\" decoding=\"async\" width=\"1600\" height=\"1013\" src=\"https:\/\/www.artecreativo.de\/wordpress\/wp-content\/uploads\/2024\/09\/Selbsthilfepreis_2024.jpg\" alt=\"\" class=\"wp-image-1058\" srcset=\"https:\/\/www.artecreativo.de\/wordpress\/wp-content\/uploads\/2024\/09\/Selbsthilfepreis_2024.jpg 1600w, https:\/\/www.artecreativo.de\/wordpress\/wp-content\/uploads\/2024\/09\/Selbsthilfepreis_2024-300x190.jpg 300w, https:\/\/www.artecreativo.de\/wordpress\/wp-content\/uploads\/2024\/09\/Selbsthilfepreis_2024-768x486.jpg 768w, https:\/\/www.artecreativo.de\/wordpress\/wp-content\/uploads\/2024\/09\/Selbsthilfepreis_2024-1536x972.jpg 1536w, https:\/\/www.artecreativo.de\/wordpress\/wp-content\/uploads\/2024\/09\/Selbsthilfepreis_2024-829x525.jpg 829w, https:\/\/www.artecreativo.de\/wordpress\/wp-content\/uploads\/2024\/09\/Selbsthilfepreis_2024-592x375.jpg 592w\" sizes=\"auto, (max-width: 1600px) 100vw, 1600px\" \/><\/a><\/figure>\n\n\n\n<p>\u00a1Hola!<\/p>\n\n\n\n<p>In diesem Jahr war es nun endlich wieder einmal so weit, dass die <a href=\"https:\/\/selbsthilfe.nrw\/\" target=\"_blank\" rel=\"noreferrer noopener\">Selbsthilfe.NRW<\/a> das Engagement von Selbsthilfegruppen mit einem Preis w\u00fcrdigen wollte. Ab dem Juli 2024 konnten sich die einzelnen Projekte dort mit ihren Aktivit\u00e4ten bewerben und darauf hoffen, eine der zw\u00f6lf nominierten Selbsthilfegruppen zu sein.<\/p>\n\n\n\n<p>Dort beworben hatte sich auch das Projekt \u201eEltern suchtkranker Kinder\u201c, mit dem uns sehr viel verbindet. Doch was haben wir jetzt genau mit diesem Projekt zu tun?<\/p>\n\n\n\n<p>Angefangen hat alles damit, dass uns Frau Heider \u2013 die Initiatorin dieses Projekts \u2013 vor ein paar Jahren um Unterst\u00fctzung f\u00fcr den Elternkreis Mettmann gebeten hat. Dort gab es eine ganz einfache Webseite, erstellt mit einem Web-Baukasten von 1&amp;1. Bedingt durch das enge Korsett des Baukastens waren die M\u00f6glichkeiten zur Entfaltung doch sehr eingeschr\u00e4nkt und schon bald kam der Wunsch nach etwas Gr\u00f6\u00dferem auf. Kurzum, es musste eine komplett neue Webseite her.<\/p>\n\n\n\n<p>Eine Domain war schnell gefunden, inklusive einer griffigen Kurzform (<a href=\"https:\/\/elsuki.de\" target=\"_blank\" rel=\"noreferrer noopener\">elsuki.de<\/a>). Als Webhoster haben wir damals die Firma All-Inkl.com mit ins Boot geholt und diesen Schritt bis heute nicht bereut, da der hier gebotene Service einfach unschlagbar ist und dies gleich in mehrfacher Hinsicht.<\/p>\n\n\n\n<p>Vom Konzept her sind wir uns damals auch recht schnell einig geworden und die von uns vorgebrachten Ideen wurden praktisch unver\u00e4ndert abgesegnet. Gut f\u00fcr uns, konnten wir dadurch doch sehr schnell ans Werk gehen.<\/p>\n\n\n\n<p>Erste Resultate waren schon Mitte Januar 2024 online und der Rest der Webseite entwickelte sich auch rasend schnell. Letzteres ist aber auch wenig verwunderlich, konnte Frau Heider doch gef\u00fchlt Content ohne Ende bereitstellen. Letzteres galt es nun \u00fcbersichtlich und leicht navigierbar f\u00fcr die Hilfe suchenden Besucher zur Verf\u00fcgung zu stellen.<\/p>\n\n\n\n<p>Herausgekommen ist dabei ein Konzept, welches auf gro\u00dfen, \u00fcbergreifenden Themen beruht, worunter sich dann einzelne Unterthemen befinden. Textlich, grafisch und konzeptionell sind wir hier zum Gl\u00fcck an keinerlei Grenzen gebunden, da WordPress \u2013 welches den Unterbau dieser Webseite darstellt \u2013 doch eine ganz tolle Spielwiese f\u00fcr Autoren &amp; Designer darstellt.<\/p>\n\n\n\n<p>Und scheinbar haben die Juroren der Selbsthilfe.NRW dies ganz genauso gesehen, denn am Abend des 28. September wurde diesem Projekt im Alten Wartesaal in K\u00f6ln der Selbsthilfepreis 2024 im Bereich Engagement verliehen.<\/p>\n\n\n\n<p>\u00dcberreicht wurde der Preis durch den amtierenden B\u00fcrgermeister der Stadt K\u00f6ln, Herrn Dr. Ralf Heinen und durch den amtierenden Bundesminister f\u00fcr Gesundheit, Herrn Prof. Dr. Karl Lauterbach.<\/p>\n\n\n\n<p>Dies erf\u00fcllt uns \u2013 das Team von Arte Creativo \u2013 nat\u00fcrlich auch mit Stolz, haben wir doch ganz viel Sorgfalt &amp; Herzblut in dieses Projekt flie\u00dfen lassen. Dankbar sind wir auch f\u00fcr das uns entgegenbrachte Vertrauen seitens Frau Heider, die letztendlich der Dreh- und Angelpunkt dieses tollen Projekts ist. <\/p>\n\n\n\n<p>Sind wir jetzt fertig mit diesem Projekt? Nein, definitiv nicht!<\/p>\n\n\n\n<p>Sowohl Frau Heider als auch wir, haben stets neue Ideen, die wir auf dieser Plattform realisieren m\u00f6chten. Somit wird es auch in der Zukunft spannend bleiben, in welche Richtung sich das Projekt \u201eEltern suchtkranker Kinder\u201c noch so entwickelt.<\/p>\n\n\n\n<p>Und ganz ehrlich? Wenn wir \u2013 die Menschen von den Eltern suchtkranker Kinder und das Team von Arte Creativo &#8211; mit dieser Seite auch nur einem einzigen Menschen helfen konnten, dann haben wir alles richtig gemacht.<\/p>\n\n\n\n<p>Und Ihr wisst ja, die Eltern suchtkranker Kinder haben f\u00fcr jeden Hilfesuchenden ein offenes Ohr. Ihr findet dieses Projekt im Netz unter der allseits bekannten Adresse: <a href=\"https:\/\/elternsuchtkrankerkinder.de\" target=\"_blank\" rel=\"noreferrer noopener\">elternsuchtkrankerkinder.de<\/a><\/p>\n","protected":false},"excerpt":{"rendered":"<p>\u00a1Hola! In diesem Jahr war es nun endlich wieder einmal so weit, dass die Selbsthilfe.NRW das Engagement von Selbsthilfegruppen mit einem Preis w\u00fcrdigen wollte. Ab dem Juli 2024 konnten sich die einzelnen Projekte dort mit ihren Aktivit\u00e4ten bewerben und darauf hoffen, eine der zw\u00f6lf nominierten Selbsthilfegruppen zu sein. Dort beworben &hellip;<\/p>\n","protected":false},"author":1,"featured_media":1058,"comment_status":"open","ping_status":"open","sticky":false,"template":"","format":"standard","meta":{"footnotes":""},"categories":[48],"tags":[131,136,133,137,135,134,129],"class_list":["post-1050","post","type-post","status-publish","format-standard","has-post-thumbnail","hentry","category-blog-gefluester","tag-131","tag-alter-wartessal","tag-engagement","tag-koeln","tag-preisverleihung","tag-selbsthilfe","tag-selbsthilfepreis"],"yoast_head":"<!-- This site is optimized with the Yoast SEO plugin v27.5 - https:\/\/yoast.com\/product\/yoast-seo-wordpress\/ -->\n<title>Sieg beim Selbsthilfepreis NRW 2024 - Arte Creativo<\/title>\n<meta name=\"description\" content=\"Sieg beim Selbsthilfepreis NRW 2024 - Blog-Gefl\u00fcster - Arte Creativo - Fotografie - Werbung - Web-Design - Fotodesign - Webgestaltung - Events - Kunst - Design\" \/>\n<meta name=\"robots\" content=\"index, follow, max-snippet:-1, max-image-preview:large, max-video-preview:-1\" \/>\n<link rel=\"canonical\" href=\"https:\/\/www.artecreativo.de\/wordpress\/sieg-beim-selbsthilfepreis-nrw-2024\/\" \/>\n<meta property=\"og:locale\" content=\"de_DE\" \/>\n<meta property=\"og:type\" content=\"article\" \/>\n<meta property=\"og:title\" content=\"Sieg beim Selbsthilfepreis NRW 2024 - Arte Creativo\" \/>\n<meta property=\"og:description\" content=\"Sieg beim Selbsthilfepreis NRW 2024 - Blog-Gefl\u00fcster - Arte Creativo - Fotografie - Werbung - Web-Design - Fotodesign - Webgestaltung - Events - Kunst - Design\" \/>\n<meta property=\"og:url\" content=\"https:\/\/www.artecreativo.de\/wordpress\/sieg-beim-selbsthilfepreis-nrw-2024\/\" \/>\n<meta property=\"og:site_name\" content=\"Arte Creativo\" \/>\n<meta property=\"article:published_time\" content=\"2024-09-30T12:56:04+00:00\" \/>\n<meta property=\"article:modified_time\" content=\"2025-05-04T18:30:22+00:00\" \/>\n<meta property=\"og:image\" content=\"https:\/\/www.artecreativo.de\/wordpress\/wp-content\/uploads\/2024\/09\/Selbsthilfepreis_2024.jpg\" \/>\n\t<meta property=\"og:image:width\" content=\"1600\" \/>\n\t<meta property=\"og:image:height\" content=\"1013\" \/>\n\t<meta property=\"og:image:type\" content=\"image\/jpeg\" \/>\n<meta name=\"author\" content=\"AC-Team\" \/>\n<meta name=\"twitter:card\" content=\"summary_large_image\" \/>\n<meta name=\"twitter:label1\" content=\"Verfasst von\" \/>\n\t<meta name=\"twitter:data1\" content=\"AC-Team\" \/>\n\t<meta name=\"twitter:label2\" content=\"Gesch\u00e4tzte Lesezeit\" \/>\n\t<meta name=\"twitter:data2\" content=\"4\u00a0Minuten\" \/>\n<script type=\"application\/ld+json\" class=\"yoast-schema-graph\">{\"@context\":\"https:\\\/\\\/schema.org\",\"@graph\":[{\"@type\":\"Article\",\"@id\":\"https:\\\/\\\/www.artecreativo.de\\\/wordpress\\\/sieg-beim-selbsthilfepreis-nrw-2024\\\/#article\",\"isPartOf\":{\"@id\":\"https:\\\/\\\/www.artecreativo.de\\\/wordpress\\\/sieg-beim-selbsthilfepreis-nrw-2024\\\/\"},\"author\":{\"name\":\"AC-Team\",\"@id\":\"https:\\\/\\\/www.artecreativo.de\\\/wordpress\\\/#\\\/schema\\\/person\\\/a139115e0f4ae77f19585328c6d76070\"},\"headline\":\"Sieg beim Selbsthilfepreis NRW 2024\",\"datePublished\":\"2024-09-30T12:56:04+00:00\",\"dateModified\":\"2025-05-04T18:30:22+00:00\",\"mainEntityOfPage\":{\"@id\":\"https:\\\/\\\/www.artecreativo.de\\\/wordpress\\\/sieg-beim-selbsthilfepreis-nrw-2024\\\/\"},\"wordCount\":567,\"commentCount\":0,\"publisher\":{\"@id\":\"https:\\\/\\\/www.artecreativo.de\\\/wordpress\\\/#organization\"},\"image\":{\"@id\":\"https:\\\/\\\/www.artecreativo.de\\\/wordpress\\\/sieg-beim-selbsthilfepreis-nrw-2024\\\/#primaryimage\"},\"thumbnailUrl\":\"https:\\\/\\\/www.artecreativo.de\\\/wordpress\\\/wp-content\\\/uploads\\\/2024\\\/09\\\/Selbsthilfepreis_2024.jpg\",\"keywords\":[\"2024\",\"Alter Wartessal\",\"Engagement\",\"K\u00f6ln\",\"Preisverleihung\",\"Selbsthilfe\",\"Selbsthilfepreis\"],\"articleSection\":[\"Blog-Gefl\u00fcster\"],\"inLanguage\":\"de\",\"potentialAction\":[{\"@type\":\"CommentAction\",\"name\":\"Comment\",\"target\":[\"https:\\\/\\\/www.artecreativo.de\\\/wordpress\\\/sieg-beim-selbsthilfepreis-nrw-2024\\\/#respond\"]}]},{\"@type\":\"WebPage\",\"@id\":\"https:\\\/\\\/www.artecreativo.de\\\/wordpress\\\/sieg-beim-selbsthilfepreis-nrw-2024\\\/\",\"url\":\"https:\\\/\\\/www.artecreativo.de\\\/wordpress\\\/sieg-beim-selbsthilfepreis-nrw-2024\\\/\",\"name\":\"Sieg beim Selbsthilfepreis NRW 2024 - Arte Creativo\",\"isPartOf\":{\"@id\":\"https:\\\/\\\/www.artecreativo.de\\\/wordpress\\\/#website\"},\"primaryImageOfPage\":{\"@id\":\"https:\\\/\\\/www.artecreativo.de\\\/wordpress\\\/sieg-beim-selbsthilfepreis-nrw-2024\\\/#primaryimage\"},\"image\":{\"@id\":\"https:\\\/\\\/www.artecreativo.de\\\/wordpress\\\/sieg-beim-selbsthilfepreis-nrw-2024\\\/#primaryimage\"},\"thumbnailUrl\":\"https:\\\/\\\/www.artecreativo.de\\\/wordpress\\\/wp-content\\\/uploads\\\/2024\\\/09\\\/Selbsthilfepreis_2024.jpg\",\"datePublished\":\"2024-09-30T12:56:04+00:00\",\"dateModified\":\"2025-05-04T18:30:22+00:00\",\"description\":\"Sieg beim Selbsthilfepreis NRW 2024 - Blog-Gefl\u00fcster - Arte Creativo - Fotografie - Werbung - Web-Design - Fotodesign - Webgestaltung - Events - Kunst - Design\",\"breadcrumb\":{\"@id\":\"https:\\\/\\\/www.artecreativo.de\\\/wordpress\\\/sieg-beim-selbsthilfepreis-nrw-2024\\\/#breadcrumb\"},\"inLanguage\":\"de\",\"potentialAction\":[{\"@type\":\"ReadAction\",\"target\":[\"https:\\\/\\\/www.artecreativo.de\\\/wordpress\\\/sieg-beim-selbsthilfepreis-nrw-2024\\\/\"]}]},{\"@type\":\"ImageObject\",\"inLanguage\":\"de\",\"@id\":\"https:\\\/\\\/www.artecreativo.de\\\/wordpress\\\/sieg-beim-selbsthilfepreis-nrw-2024\\\/#primaryimage\",\"url\":\"https:\\\/\\\/www.artecreativo.de\\\/wordpress\\\/wp-content\\\/uploads\\\/2024\\\/09\\\/Selbsthilfepreis_2024.jpg\",\"contentUrl\":\"https:\\\/\\\/www.artecreativo.de\\\/wordpress\\\/wp-content\\\/uploads\\\/2024\\\/09\\\/Selbsthilfepreis_2024.jpg\",\"width\":1600,\"height\":1013},{\"@type\":\"BreadcrumbList\",\"@id\":\"https:\\\/\\\/www.artecreativo.de\\\/wordpress\\\/sieg-beim-selbsthilfepreis-nrw-2024\\\/#breadcrumb\",\"itemListElement\":[{\"@type\":\"ListItem\",\"position\":1,\"name\":\"Startseite\",\"item\":\"https:\\\/\\\/www.artecreativo.de\\\/wordpress\\\/\"},{\"@type\":\"ListItem\",\"position\":2,\"name\":\"Sieg beim Selbsthilfepreis NRW 2024\"}]},{\"@type\":\"WebSite\",\"@id\":\"https:\\\/\\\/www.artecreativo.de\\\/wordpress\\\/#website\",\"url\":\"https:\\\/\\\/www.artecreativo.de\\\/wordpress\\\/\",\"name\":\"Arte Creativo\",\"description\":\"Fotodesign &amp; Webgestaltung\",\"publisher\":{\"@id\":\"https:\\\/\\\/www.artecreativo.de\\\/wordpress\\\/#organization\"},\"potentialAction\":[{\"@type\":\"SearchAction\",\"target\":{\"@type\":\"EntryPoint\",\"urlTemplate\":\"https:\\\/\\\/www.artecreativo.de\\\/wordpress\\\/?s={search_term_string}\"},\"query-input\":{\"@type\":\"PropertyValueSpecification\",\"valueRequired\":true,\"valueName\":\"search_term_string\"}}],\"inLanguage\":\"de\"},{\"@type\":\"Organization\",\"@id\":\"https:\\\/\\\/www.artecreativo.de\\\/wordpress\\\/#organization\",\"name\":\"Arte Creativo\",\"url\":\"https:\\\/\\\/www.artecreativo.de\\\/wordpress\\\/\",\"logo\":{\"@type\":\"ImageObject\",\"inLanguage\":\"de\",\"@id\":\"https:\\\/\\\/www.artecreativo.de\\\/wordpress\\\/#\\\/schema\\\/logo\\\/image\\\/\",\"url\":\"https:\\\/\\\/www.artecreativo.de\\\/wordpress\\\/wp-content\\\/uploads\\\/2018\\\/08\\\/cropped-Logo-840px.png\",\"contentUrl\":\"https:\\\/\\\/www.artecreativo.de\\\/wordpress\\\/wp-content\\\/uploads\\\/2018\\\/08\\\/cropped-Logo-840px.png\",\"width\":840,\"height\":151,\"caption\":\"Arte Creativo\"},\"image\":{\"@id\":\"https:\\\/\\\/www.artecreativo.de\\\/wordpress\\\/#\\\/schema\\\/logo\\\/image\\\/\"}},{\"@type\":\"Person\",\"@id\":\"https:\\\/\\\/www.artecreativo.de\\\/wordpress\\\/#\\\/schema\\\/person\\\/a139115e0f4ae77f19585328c6d76070\",\"name\":\"AC-Team\"}]}<\/script>\n<!-- \/ Yoast SEO plugin. -->","yoast_head_json":{"title":"Sieg beim Selbsthilfepreis NRW 2024 - Arte Creativo","description":"Sieg beim Selbsthilfepreis NRW 2024 - Blog-Gefl\u00fcster - Arte Creativo - Fotografie - Werbung - Web-Design - Fotodesign - Webgestaltung - Events - Kunst - Design","robots":{"index":"index","follow":"follow","max-snippet":"max-snippet:-1","max-image-preview":"max-image-preview:large","max-video-preview":"max-video-preview:-1"},"canonical":"https:\/\/www.artecreativo.de\/wordpress\/sieg-beim-selbsthilfepreis-nrw-2024\/","og_locale":"de_DE","og_type":"article","og_title":"Sieg beim Selbsthilfepreis NRW 2024 - Arte Creativo","og_description":"Sieg beim Selbsthilfepreis NRW 2024 - Blog-Gefl\u00fcster - Arte Creativo - Fotografie - Werbung - Web-Design - Fotodesign - Webgestaltung - Events - Kunst - Design","og_url":"https:\/\/www.artecreativo.de\/wordpress\/sieg-beim-selbsthilfepreis-nrw-2024\/","og_site_name":"Arte Creativo","article_published_time":"2024-09-30T12:56:04+00:00","article_modified_time":"2025-05-04T18:30:22+00:00","og_image":[{"width":1600,"height":1013,"url":"https:\/\/www.artecreativo.de\/wordpress\/wp-content\/uploads\/2024\/09\/Selbsthilfepreis_2024.jpg","type":"image\/jpeg"}],"author":"AC-Team","twitter_card":"summary_large_image","twitter_misc":{"Verfasst von":"AC-Team","Gesch\u00e4tzte Lesezeit":"4\u00a0Minuten"},"schema":{"@context":"https:\/\/schema.org","@graph":[{"@type":"Article","@id":"https:\/\/www.artecreativo.de\/wordpress\/sieg-beim-selbsthilfepreis-nrw-2024\/#article","isPartOf":{"@id":"https:\/\/www.artecreativo.de\/wordpress\/sieg-beim-selbsthilfepreis-nrw-2024\/"},"author":{"name":"AC-Team","@id":"https:\/\/www.artecreativo.de\/wordpress\/#\/schema\/person\/a139115e0f4ae77f19585328c6d76070"},"headline":"Sieg beim Selbsthilfepreis NRW 2024","datePublished":"2024-09-30T12:56:04+00:00","dateModified":"2025-05-04T18:30:22+00:00","mainEntityOfPage":{"@id":"https:\/\/www.artecreativo.de\/wordpress\/sieg-beim-selbsthilfepreis-nrw-2024\/"},"wordCount":567,"commentCount":0,"publisher":{"@id":"https:\/\/www.artecreativo.de\/wordpress\/#organization"},"image":{"@id":"https:\/\/www.artecreativo.de\/wordpress\/sieg-beim-selbsthilfepreis-nrw-2024\/#primaryimage"},"thumbnailUrl":"https:\/\/www.artecreativo.de\/wordpress\/wp-content\/uploads\/2024\/09\/Selbsthilfepreis_2024.jpg","keywords":["2024","Alter Wartessal","Engagement","K\u00f6ln","Preisverleihung","Selbsthilfe","Selbsthilfepreis"],"articleSection":["Blog-Gefl\u00fcster"],"inLanguage":"de","potentialAction":[{"@type":"CommentAction","name":"Comment","target":["https:\/\/www.artecreativo.de\/wordpress\/sieg-beim-selbsthilfepreis-nrw-2024\/#respond"]}]},{"@type":"WebPage","@id":"https:\/\/www.artecreativo.de\/wordpress\/sieg-beim-selbsthilfepreis-nrw-2024\/","url":"https:\/\/www.artecreativo.de\/wordpress\/sieg-beim-selbsthilfepreis-nrw-2024\/","name":"Sieg beim Selbsthilfepreis NRW 2024 - Arte Creativo","isPartOf":{"@id":"https:\/\/www.artecreativo.de\/wordpress\/#website"},"primaryImageOfPage":{"@id":"https:\/\/www.artecreativo.de\/wordpress\/sieg-beim-selbsthilfepreis-nrw-2024\/#primaryimage"},"image":{"@id":"https:\/\/www.artecreativo.de\/wordpress\/sieg-beim-selbsthilfepreis-nrw-2024\/#primaryimage"},"thumbnailUrl":"https:\/\/www.artecreativo.de\/wordpress\/wp-content\/uploads\/2024\/09\/Selbsthilfepreis_2024.jpg","datePublished":"2024-09-30T12:56:04+00:00","dateModified":"2025-05-04T18:30:22+00:00","description":"Sieg beim Selbsthilfepreis NRW 2024 - Blog-Gefl\u00fcster - Arte Creativo - Fotografie - Werbung - Web-Design - Fotodesign - Webgestaltung - Events - Kunst - Design","breadcrumb":{"@id":"https:\/\/www.artecreativo.de\/wordpress\/sieg-beim-selbsthilfepreis-nrw-2024\/#breadcrumb"},"inLanguage":"de","potentialAction":[{"@type":"ReadAction","target":["https:\/\/www.artecreativo.de\/wordpress\/sieg-beim-selbsthilfepreis-nrw-2024\/"]}]},{"@type":"ImageObject","inLanguage":"de","@id":"https:\/\/www.artecreativo.de\/wordpress\/sieg-beim-selbsthilfepreis-nrw-2024\/#primaryimage","url":"https:\/\/www.artecreativo.de\/wordpress\/wp-content\/uploads\/2024\/09\/Selbsthilfepreis_2024.jpg","contentUrl":"https:\/\/www.artecreativo.de\/wordpress\/wp-content\/uploads\/2024\/09\/Selbsthilfepreis_2024.jpg","width":1600,"height":1013},{"@type":"BreadcrumbList","@id":"https:\/\/www.artecreativo.de\/wordpress\/sieg-beim-selbsthilfepreis-nrw-2024\/#breadcrumb","itemListElement":[{"@type":"ListItem","position":1,"name":"Startseite","item":"https:\/\/www.artecreativo.de\/wordpress\/"},{"@type":"ListItem","position":2,"name":"Sieg beim Selbsthilfepreis NRW 2024"}]},{"@type":"WebSite","@id":"https:\/\/www.artecreativo.de\/wordpress\/#website","url":"https:\/\/www.artecreativo.de\/wordpress\/","name":"Arte Creativo","description":"Fotodesign &amp; Webgestaltung","publisher":{"@id":"https:\/\/www.artecreativo.de\/wordpress\/#organization"},"potentialAction":[{"@type":"SearchAction","target":{"@type":"EntryPoint","urlTemplate":"https:\/\/www.artecreativo.de\/wordpress\/?s={search_term_string}"},"query-input":{"@type":"PropertyValueSpecification","valueRequired":true,"valueName":"search_term_string"}}],"inLanguage":"de"},{"@type":"Organization","@id":"https:\/\/www.artecreativo.de\/wordpress\/#organization","name":"Arte Creativo","url":"https:\/\/www.artecreativo.de\/wordpress\/","logo":{"@type":"ImageObject","inLanguage":"de","@id":"https:\/\/www.artecreativo.de\/wordpress\/#\/schema\/logo\/image\/","url":"https:\/\/www.artecreativo.de\/wordpress\/wp-content\/uploads\/2018\/08\/cropped-Logo-840px.png","contentUrl":"https:\/\/www.artecreativo.de\/wordpress\/wp-content\/uploads\/2018\/08\/cropped-Logo-840px.png","width":840,"height":151,"caption":"Arte Creativo"},"image":{"@id":"https:\/\/www.artecreativo.de\/wordpress\/#\/schema\/logo\/image\/"}},{"@type":"Person","@id":"https:\/\/www.artecreativo.de\/wordpress\/#\/schema\/person\/a139115e0f4ae77f19585328c6d76070","name":"AC-Team"}]}},"_links":{"self":[{"href":"https:\/\/www.artecreativo.de\/wordpress\/wp-json\/wp\/v2\/posts\/1050","targetHints":{"allow":["GET"]}}],"collection":[{"href":"https:\/\/www.artecreativo.de\/wordpress\/wp-json\/wp\/v2\/posts"}],"about":[{"href":"https:\/\/www.artecreativo.de\/wordpress\/wp-json\/wp\/v2\/types\/post"}],"author":[{"embeddable":true,"href":"https:\/\/www.artecreativo.de\/wordpress\/wp-json\/wp\/v2\/users\/1"}],"replies":[{"embeddable":true,"href":"https:\/\/www.artecreativo.de\/wordpress\/wp-json\/wp\/v2\/comments?post=1050"}],"version-history":[{"count":10,"href":"https:\/\/www.artecreativo.de\/wordpress\/wp-json\/wp\/v2\/posts\/1050\/revisions"}],"predecessor-version":[{"id":1219,"href":"https:\/\/www.artecreativo.de\/wordpress\/wp-json\/wp\/v2\/posts\/1050\/revisions\/1219"}],"wp:featuredmedia":[{"embeddable":true,"href":"https:\/\/www.artecreativo.de\/wordpress\/wp-json\/wp\/v2\/media\/1058"}],"wp:attachment":[{"href":"https:\/\/www.artecreativo.de\/wordpress\/wp-json\/wp\/v2\/media?parent=1050"}],"wp:term":[{"taxonomy":"category","embeddable":true,"href":"https:\/\/www.artecreativo.de\/wordpress\/wp-json\/wp\/v2\/categories?post=1050"},{"taxonomy":"post_tag","embeddable":true,"href":"https:\/\/www.artecreativo.de\/wordpress\/wp-json\/wp\/v2\/tags?post=1050"}],"curies":[{"name":"wp","href":"https:\/\/api.w.org\/{rel}","templated":true}]}}