{"id":1163,"date":"2025-04-09T22:12:37","date_gmt":"2025-04-09T20:12:37","guid":{"rendered":"https:\/\/www.artecreativo.de\/wordpress\/?p=1163"},"modified":"2025-04-09T22:22:56","modified_gmt":"2025-04-09T20:22:56","slug":"konzentration-unmoeglich","status":"publish","type":"post","link":"https:\/\/www.artecreativo.de\/wordpress\/konzentration-unmoeglich\/","title":{"rendered":"Konzentriert arbeiten? Unm\u00f6glich!"},"content":{"rendered":"\n<figure class=\"wp-block-image size-full\"><a href=\"https:\/\/www.artecreativo.de\/wordpress\/wp-content\/uploads\/2025\/04\/Eichhoernchen_04.jpg\"><img loading=\"lazy\" decoding=\"async\" width=\"1600\" height=\"1069\" src=\"https:\/\/www.artecreativo.de\/wordpress\/wp-content\/uploads\/2025\/04\/Eichhoernchen_04.jpg\" alt=\"\" class=\"wp-image-1165\" srcset=\"https:\/\/www.artecreativo.de\/wordpress\/wp-content\/uploads\/2025\/04\/Eichhoernchen_04.jpg 1600w, https:\/\/www.artecreativo.de\/wordpress\/wp-content\/uploads\/2025\/04\/Eichhoernchen_04-300x200.jpg 300w, https:\/\/www.artecreativo.de\/wordpress\/wp-content\/uploads\/2025\/04\/Eichhoernchen_04-768x513.jpg 768w, https:\/\/www.artecreativo.de\/wordpress\/wp-content\/uploads\/2025\/04\/Eichhoernchen_04-1536x1026.jpg 1536w, https:\/\/www.artecreativo.de\/wordpress\/wp-content\/uploads\/2025\/04\/Eichhoernchen_04-786x525.jpg 786w, https:\/\/www.artecreativo.de\/wordpress\/wp-content\/uploads\/2025\/04\/Eichhoernchen_04-120x80.jpg 120w, https:\/\/www.artecreativo.de\/wordpress\/wp-content\/uploads\/2025\/04\/Eichhoernchen_04-561x375.jpg 561w\" sizes=\"auto, (max-width: 1600px) 100vw, 1600px\" \/><\/a><\/figure>\n\n\n\n<p>Wisst Ihr eigentlich, wie schwer es einem f\u00e4llt konzentriert zu arbeiten, wenn vor dem Fenster pausenlos ein ganzes Rudel junger Eichh\u00f6rnchen sein Unwesen treibt? Nein! Ich kann Euch versichern, das ist kein Spa\u00df!<\/p>\n\n\n\n<p>Man nimmt sich ganz fest vor ein paar Dinge zu erledigen, schaltet daf\u00fcr den Laptop ein, stellt sich noch einen Tee und ein paar Kekse parat, legt die Finger auf die Tastatur und dann passiert &#8211; nichts!<\/p>\n\n\n\n<p>Warum? Weil man erneut den Fehler gemacht hat, aus dem Fenster zu sehen. Dem Fenster, hinter dem diese riesige Tanne steht und in dessen oberen \u00c4sten sich ein frisch errichteter <a href=\"https:\/\/de.wikipedia.org\/wiki\/Eurasisches_Eichh%C3%B6rnchen#Lebensweise\" target=\"_blank\" rel=\"noreferrer noopener\">Eichh\u00f6rnchen-Kobel<\/a> befindet. Letzterer ist dann auch gro\u00df genug, um zwei erwachsenen und f\u00fcnf jungen Eichh\u00f6rnchen ein Zuhause zu bieten. <\/p>\n\n\n\n<p>Und genau jene f\u00fcnf B\u00e4lger sind auch das Problem, denn diese turnen gef\u00fchlt 24 Stunden am Tag vor dem Fenster herum. Zu s\u00fc\u00df, um einfach ignoriert zu werden. Deswegen liegt hier auch schon seit ein paar Tagen st\u00e4ndig eine Kamera mit Teleobjektiv auf dem Tisch. Wobei \u201eliegen\u201c es eigentlich nicht wirklich korrekt beschreibt, habe ich diese Kombi doch viel zu oft in der Hand. Immerhin k\u00f6nnte man ja einen ganz besonders drolligen Moment verpassen \u2026<\/p>\n\n\n\n<p>Kennt Ihr diesen Witz: \u201eIch bin immer voll konzentriert, egal was auch \u2026 Oh mein Gott! Schau nur, ein Eichh\u00f6rnchen!\u201c<\/p>\n\n\n\n<p>Ich f\u00fchle mich hier sehr gut umschrieben und auch ein klein wenig ertappt.<\/p>\n\n\n\n<p>Zum Gl\u00fcck ziehen die jungen Racker schon bald aus, um sich dann ein eigenes Leben aufzubauen. Ich hoffe allerdings inst\u00e4ndig, dass dieses dann ein paar Tannen weiter stattfindet. Ansonsten komme ich hier n\u00e4mlich nie wieder zu einer sinnvollen T\u00e4tigkeit \ud83d\ude09<\/p>\n\n\n\n<p>P.S: Hier sind ein paar Beweisfotos.<\/p>\n\n\n\n<figure class=\"wp-block-gallery has-nested-images columns-3 is-cropped wp-block-gallery-2 is-layout-flex wp-block-gallery-is-layout-flex\">\n<figure class=\"wp-block-image size-large\"><a href=\"https:\/\/www.artecreativo.de\/wordpress\/wp-content\/uploads\/2025\/04\/Eichhoernchen_01.jpg\"><img loading=\"lazy\" decoding=\"async\" width=\"1600\" height=\"1069\" data-id=\"1164\" src=\"https:\/\/www.artecreativo.de\/wordpress\/wp-content\/uploads\/2025\/04\/Eichhoernchen_01.jpg\" alt=\"\" class=\"wp-image-1164\" srcset=\"https:\/\/www.artecreativo.de\/wordpress\/wp-content\/uploads\/2025\/04\/Eichhoernchen_01.jpg 1600w, https:\/\/www.artecreativo.de\/wordpress\/wp-content\/uploads\/2025\/04\/Eichhoernchen_01-300x200.jpg 300w, https:\/\/www.artecreativo.de\/wordpress\/wp-content\/uploads\/2025\/04\/Eichhoernchen_01-768x513.jpg 768w, https:\/\/www.artecreativo.de\/wordpress\/wp-content\/uploads\/2025\/04\/Eichhoernchen_01-1536x1026.jpg 1536w, https:\/\/www.artecreativo.de\/wordpress\/wp-content\/uploads\/2025\/04\/Eichhoernchen_01-786x525.jpg 786w, https:\/\/www.artecreativo.de\/wordpress\/wp-content\/uploads\/2025\/04\/Eichhoernchen_01-120x80.jpg 120w, https:\/\/www.artecreativo.de\/wordpress\/wp-content\/uploads\/2025\/04\/Eichhoernchen_01-561x375.jpg 561w\" sizes=\"auto, (max-width: 1600px) 100vw, 1600px\" \/><\/a><\/figure>\n\n\n\n<figure class=\"wp-block-image size-large\"><a href=\"https:\/\/www.artecreativo.de\/wordpress\/wp-content\/uploads\/2025\/04\/Eichhoernchen_02.jpg\"><img loading=\"lazy\" decoding=\"async\" width=\"1600\" height=\"1076\" data-id=\"1174\" src=\"https:\/\/www.artecreativo.de\/wordpress\/wp-content\/uploads\/2025\/04\/Eichhoernchen_02.jpg\" alt=\"\" class=\"wp-image-1174\" srcset=\"https:\/\/www.artecreativo.de\/wordpress\/wp-content\/uploads\/2025\/04\/Eichhoernchen_02.jpg 1600w, https:\/\/www.artecreativo.de\/wordpress\/wp-content\/uploads\/2025\/04\/Eichhoernchen_02-300x202.jpg 300w, https:\/\/www.artecreativo.de\/wordpress\/wp-content\/uploads\/2025\/04\/Eichhoernchen_02-768x516.jpg 768w, https:\/\/www.artecreativo.de\/wordpress\/wp-content\/uploads\/2025\/04\/Eichhoernchen_02-1536x1033.jpg 1536w, https:\/\/www.artecreativo.de\/wordpress\/wp-content\/uploads\/2025\/04\/Eichhoernchen_02-781x525.jpg 781w, https:\/\/www.artecreativo.de\/wordpress\/wp-content\/uploads\/2025\/04\/Eichhoernchen_02-120x80.jpg 120w, https:\/\/www.artecreativo.de\/wordpress\/wp-content\/uploads\/2025\/04\/Eichhoernchen_02-558x375.jpg 558w\" sizes=\"auto, (max-width: 1600px) 100vw, 1600px\" \/><\/a><\/figure>\n\n\n\n<figure class=\"wp-block-image size-large\"><a href=\"https:\/\/www.artecreativo.de\/wordpress\/wp-content\/uploads\/2025\/04\/Eichhoernchen_03.jpg\"><img loading=\"lazy\" decoding=\"async\" width=\"1600\" height=\"1197\" data-id=\"1169\" src=\"https:\/\/www.artecreativo.de\/wordpress\/wp-content\/uploads\/2025\/04\/Eichhoernchen_03.jpg\" alt=\"\" class=\"wp-image-1169\" srcset=\"https:\/\/www.artecreativo.de\/wordpress\/wp-content\/uploads\/2025\/04\/Eichhoernchen_03.jpg 1600w, https:\/\/www.artecreativo.de\/wordpress\/wp-content\/uploads\/2025\/04\/Eichhoernchen_03-300x224.jpg 300w, https:\/\/www.artecreativo.de\/wordpress\/wp-content\/uploads\/2025\/04\/Eichhoernchen_03-768x575.jpg 768w, https:\/\/www.artecreativo.de\/wordpress\/wp-content\/uploads\/2025\/04\/Eichhoernchen_03-1536x1149.jpg 1536w, https:\/\/www.artecreativo.de\/wordpress\/wp-content\/uploads\/2025\/04\/Eichhoernchen_03-702x525.jpg 702w, https:\/\/www.artecreativo.de\/wordpress\/wp-content\/uploads\/2025\/04\/Eichhoernchen_03-501x375.jpg 501w\" sizes=\"auto, (max-width: 1600px) 100vw, 1600px\" \/><\/a><\/figure>\n\n\n\n<figure class=\"wp-block-image size-large\"><a href=\"https:\/\/www.artecreativo.de\/wordpress\/wp-content\/uploads\/2025\/04\/Eichhoernchen_04.jpg\"><img loading=\"lazy\" decoding=\"async\" width=\"1600\" height=\"1069\" data-id=\"1165\" src=\"https:\/\/www.artecreativo.de\/wordpress\/wp-content\/uploads\/2025\/04\/Eichhoernchen_04.jpg\" alt=\"\" class=\"wp-image-1165\" srcset=\"https:\/\/www.artecreativo.de\/wordpress\/wp-content\/uploads\/2025\/04\/Eichhoernchen_04.jpg 1600w, https:\/\/www.artecreativo.de\/wordpress\/wp-content\/uploads\/2025\/04\/Eichhoernchen_04-300x200.jpg 300w, https:\/\/www.artecreativo.de\/wordpress\/wp-content\/uploads\/2025\/04\/Eichhoernchen_04-768x513.jpg 768w, https:\/\/www.artecreativo.de\/wordpress\/wp-content\/uploads\/2025\/04\/Eichhoernchen_04-1536x1026.jpg 1536w, https:\/\/www.artecreativo.de\/wordpress\/wp-content\/uploads\/2025\/04\/Eichhoernchen_04-786x525.jpg 786w, https:\/\/www.artecreativo.de\/wordpress\/wp-content\/uploads\/2025\/04\/Eichhoernchen_04-120x80.jpg 120w, https:\/\/www.artecreativo.de\/wordpress\/wp-content\/uploads\/2025\/04\/Eichhoernchen_04-561x375.jpg 561w\" sizes=\"auto, (max-width: 1600px) 100vw, 1600px\" \/><\/a><\/figure>\n\n\n\n<figure class=\"wp-block-image size-large\"><a href=\"https:\/\/www.artecreativo.de\/wordpress\/wp-content\/uploads\/2025\/04\/Eichhoernchen_05.jpg\"><img loading=\"lazy\" decoding=\"async\" width=\"1600\" height=\"1036\" data-id=\"1173\" src=\"https:\/\/www.artecreativo.de\/wordpress\/wp-content\/uploads\/2025\/04\/Eichhoernchen_05.jpg\" alt=\"\" class=\"wp-image-1173\" srcset=\"https:\/\/www.artecreativo.de\/wordpress\/wp-content\/uploads\/2025\/04\/Eichhoernchen_05.jpg 1600w, https:\/\/www.artecreativo.de\/wordpress\/wp-content\/uploads\/2025\/04\/Eichhoernchen_05-300x194.jpg 300w, https:\/\/www.artecreativo.de\/wordpress\/wp-content\/uploads\/2025\/04\/Eichhoernchen_05-768x497.jpg 768w, https:\/\/www.artecreativo.de\/wordpress\/wp-content\/uploads\/2025\/04\/Eichhoernchen_05-1536x995.jpg 1536w, https:\/\/www.artecreativo.de\/wordpress\/wp-content\/uploads\/2025\/04\/Eichhoernchen_05-811x525.jpg 811w, https:\/\/www.artecreativo.de\/wordpress\/wp-content\/uploads\/2025\/04\/Eichhoernchen_05-579x375.jpg 579w\" sizes=\"auto, (max-width: 1600px) 100vw, 1600px\" \/><\/a><\/figure>\n\n\n\n<figure class=\"wp-block-image size-large\"><a href=\"https:\/\/www.artecreativo.de\/wordpress\/wp-content\/uploads\/2025\/04\/Eichhoernchen_06.jpg\"><img loading=\"lazy\" decoding=\"async\" width=\"1600\" height=\"1074\" data-id=\"1170\" src=\"https:\/\/www.artecreativo.de\/wordpress\/wp-content\/uploads\/2025\/04\/Eichhoernchen_06.jpg\" alt=\"\" class=\"wp-image-1170\" srcset=\"https:\/\/www.artecreativo.de\/wordpress\/wp-content\/uploads\/2025\/04\/Eichhoernchen_06.jpg 1600w, https:\/\/www.artecreativo.de\/wordpress\/wp-content\/uploads\/2025\/04\/Eichhoernchen_06-300x201.jpg 300w, https:\/\/www.artecreativo.de\/wordpress\/wp-content\/uploads\/2025\/04\/Eichhoernchen_06-768x516.jpg 768w, https:\/\/www.artecreativo.de\/wordpress\/wp-content\/uploads\/2025\/04\/Eichhoernchen_06-1536x1031.jpg 1536w, https:\/\/www.artecreativo.de\/wordpress\/wp-content\/uploads\/2025\/04\/Eichhoernchen_06-782x525.jpg 782w, https:\/\/www.artecreativo.de\/wordpress\/wp-content\/uploads\/2025\/04\/Eichhoernchen_06-120x80.jpg 120w, https:\/\/www.artecreativo.de\/wordpress\/wp-content\/uploads\/2025\/04\/Eichhoernchen_06-559x375.jpg 559w\" sizes=\"auto, (max-width: 1600px) 100vw, 1600px\" \/><\/a><\/figure>\n\n\n\n<figure class=\"wp-block-image size-large\"><a href=\"https:\/\/www.artecreativo.de\/wordpress\/wp-content\/uploads\/2025\/04\/Eichhoernchen_07.jpg\"><img loading=\"lazy\" decoding=\"async\" width=\"1600\" height=\"1024\" data-id=\"1166\" src=\"https:\/\/www.artecreativo.de\/wordpress\/wp-content\/uploads\/2025\/04\/Eichhoernchen_07.jpg\" alt=\"\" class=\"wp-image-1166\" srcset=\"https:\/\/www.artecreativo.de\/wordpress\/wp-content\/uploads\/2025\/04\/Eichhoernchen_07.jpg 1600w, https:\/\/www.artecreativo.de\/wordpress\/wp-content\/uploads\/2025\/04\/Eichhoernchen_07-300x192.jpg 300w, https:\/\/www.artecreativo.de\/wordpress\/wp-content\/uploads\/2025\/04\/Eichhoernchen_07-768x492.jpg 768w, https:\/\/www.artecreativo.de\/wordpress\/wp-content\/uploads\/2025\/04\/Eichhoernchen_07-1536x983.jpg 1536w, https:\/\/www.artecreativo.de\/wordpress\/wp-content\/uploads\/2025\/04\/Eichhoernchen_07-820x525.jpg 820w, https:\/\/www.artecreativo.de\/wordpress\/wp-content\/uploads\/2025\/04\/Eichhoernchen_07-586x375.jpg 586w\" sizes=\"auto, (max-width: 1600px) 100vw, 1600px\" \/><\/a><\/figure>\n\n\n\n<figure class=\"wp-block-image size-large\"><a href=\"https:\/\/www.artecreativo.de\/wordpress\/wp-content\/uploads\/2025\/04\/Eichhoernchen_08.jpg\"><img loading=\"lazy\" decoding=\"async\" width=\"1600\" height=\"1081\" data-id=\"1171\" src=\"https:\/\/www.artecreativo.de\/wordpress\/wp-content\/uploads\/2025\/04\/Eichhoernchen_08.jpg\" alt=\"\" class=\"wp-image-1171\" srcset=\"https:\/\/www.artecreativo.de\/wordpress\/wp-content\/uploads\/2025\/04\/Eichhoernchen_08.jpg 1600w, https:\/\/www.artecreativo.de\/wordpress\/wp-content\/uploads\/2025\/04\/Eichhoernchen_08-300x203.jpg 300w, https:\/\/www.artecreativo.de\/wordpress\/wp-content\/uploads\/2025\/04\/Eichhoernchen_08-768x519.jpg 768w, https:\/\/www.artecreativo.de\/wordpress\/wp-content\/uploads\/2025\/04\/Eichhoernchen_08-1536x1038.jpg 1536w, https:\/\/www.artecreativo.de\/wordpress\/wp-content\/uploads\/2025\/04\/Eichhoernchen_08-777x525.jpg 777w, https:\/\/www.artecreativo.de\/wordpress\/wp-content\/uploads\/2025\/04\/Eichhoernchen_08-120x80.jpg 120w, https:\/\/www.artecreativo.de\/wordpress\/wp-content\/uploads\/2025\/04\/Eichhoernchen_08-555x375.jpg 555w\" sizes=\"auto, (max-width: 1600px) 100vw, 1600px\" \/><\/a><\/figure>\n\n\n\n<figure class=\"wp-block-image size-large\"><a href=\"https:\/\/www.artecreativo.de\/wordpress\/wp-content\/uploads\/2025\/04\/Eichhoernchen_09.jpg\"><img loading=\"lazy\" decoding=\"async\" width=\"1600\" height=\"1047\" data-id=\"1168\" src=\"https:\/\/www.artecreativo.de\/wordpress\/wp-content\/uploads\/2025\/04\/Eichhoernchen_09.jpg\" alt=\"\" class=\"wp-image-1168\" srcset=\"https:\/\/www.artecreativo.de\/wordpress\/wp-content\/uploads\/2025\/04\/Eichhoernchen_09.jpg 1600w, https:\/\/www.artecreativo.de\/wordpress\/wp-content\/uploads\/2025\/04\/Eichhoernchen_09-300x196.jpg 300w, https:\/\/www.artecreativo.de\/wordpress\/wp-content\/uploads\/2025\/04\/Eichhoernchen_09-768x503.jpg 768w, https:\/\/www.artecreativo.de\/wordpress\/wp-content\/uploads\/2025\/04\/Eichhoernchen_09-1536x1005.jpg 1536w, https:\/\/www.artecreativo.de\/wordpress\/wp-content\/uploads\/2025\/04\/Eichhoernchen_09-802x525.jpg 802w, https:\/\/www.artecreativo.de\/wordpress\/wp-content\/uploads\/2025\/04\/Eichhoernchen_09-120x80.jpg 120w, https:\/\/www.artecreativo.de\/wordpress\/wp-content\/uploads\/2025\/04\/Eichhoernchen_09-573x375.jpg 573w\" sizes=\"auto, (max-width: 1600px) 100vw, 1600px\" \/><\/a><\/figure>\n\n\n\n<figure class=\"wp-block-image size-large\"><a href=\"https:\/\/www.artecreativo.de\/wordpress\/wp-content\/uploads\/2025\/04\/Eichhoernchen_10.jpg\"><img loading=\"lazy\" decoding=\"async\" width=\"1600\" height=\"1043\" data-id=\"1167\" src=\"https:\/\/www.artecreativo.de\/wordpress\/wp-content\/uploads\/2025\/04\/Eichhoernchen_10.jpg\" alt=\"\" class=\"wp-image-1167\" srcset=\"https:\/\/www.artecreativo.de\/wordpress\/wp-content\/uploads\/2025\/04\/Eichhoernchen_10.jpg 1600w, https:\/\/www.artecreativo.de\/wordpress\/wp-content\/uploads\/2025\/04\/Eichhoernchen_10-300x196.jpg 300w, https:\/\/www.artecreativo.de\/wordpress\/wp-content\/uploads\/2025\/04\/Eichhoernchen_10-768x501.jpg 768w, https:\/\/www.artecreativo.de\/wordpress\/wp-content\/uploads\/2025\/04\/Eichhoernchen_10-1536x1001.jpg 1536w, https:\/\/www.artecreativo.de\/wordpress\/wp-content\/uploads\/2025\/04\/Eichhoernchen_10-805x525.jpg 805w, https:\/\/www.artecreativo.de\/wordpress\/wp-content\/uploads\/2025\/04\/Eichhoernchen_10-575x375.jpg 575w\" sizes=\"auto, (max-width: 1600px) 100vw, 1600px\" \/><\/a><\/figure>\n\n\n\n<figure class=\"wp-block-image size-large\"><a href=\"https:\/\/www.artecreativo.de\/wordpress\/wp-content\/uploads\/2025\/04\/Eichhoernchen_11.jpg\"><img loading=\"lazy\" decoding=\"async\" width=\"1176\" height=\"1600\" data-id=\"1172\" src=\"https:\/\/www.artecreativo.de\/wordpress\/wp-content\/uploads\/2025\/04\/Eichhoernchen_11.jpg\" alt=\"\" class=\"wp-image-1172\" srcset=\"https:\/\/www.artecreativo.de\/wordpress\/wp-content\/uploads\/2025\/04\/Eichhoernchen_11.jpg 1176w, https:\/\/www.artecreativo.de\/wordpress\/wp-content\/uploads\/2025\/04\/Eichhoernchen_11-221x300.jpg 221w, https:\/\/www.artecreativo.de\/wordpress\/wp-content\/uploads\/2025\/04\/Eichhoernchen_11-768x1045.jpg 768w, https:\/\/www.artecreativo.de\/wordpress\/wp-content\/uploads\/2025\/04\/Eichhoernchen_11-1129x1536.jpg 1129w, https:\/\/www.artecreativo.de\/wordpress\/wp-content\/uploads\/2025\/04\/Eichhoernchen_11-386x525.jpg 386w, https:\/\/www.artecreativo.de\/wordpress\/wp-content\/uploads\/2025\/04\/Eichhoernchen_11-276x375.jpg 276w\" sizes=\"auto, (max-width: 1176px) 100vw, 1176px\" \/><\/a><\/figure>\n<\/figure>\n","protected":false},"excerpt":{"rendered":"<p>Wisst Ihr eigentlich, wie schwer es einem f\u00e4llt konzentriert zu arbeiten, wenn vor dem Fenster pausenlos ein ganzes Rudel junger Eichh\u00f6rnchen sein Unwesen treibt? Nein! Ich kann Euch versichern, das ist kein Spa\u00df! Man nimmt sich ganz fest vor ein paar Dinge zu erledigen, schaltet daf\u00fcr den Laptop ein, stellt &hellip;<\/p>\n","protected":false},"author":1,"featured_media":1165,"comment_status":"open","ping_status":"open","sticky":false,"template":"","format":"standard","meta":{"footnotes":""},"categories":[48],"tags":[159,160,162,163,96,164,165,161],"class_list":["post-1163","post","type-post","status-publish","format-standard","has-post-thumbnail","hentry","category-blog-gefluester","tag-eichhoernchen","tag-eichkatze","tag-im-garten-hinterm-haus","tag-nachwuchs","tag-natur","tag-saeugetiere","tag-telefotografie","tag-vielzusuess"],"yoast_head":"<!-- This site is optimized with the Yoast SEO plugin v27.5 - https:\/\/yoast.com\/product\/yoast-seo-wordpress\/ -->\n<title>Konzentriert arbeiten? Unm\u00f6glich! - Arte Creativo<\/title>\n<meta name=\"description\" content=\"Konzentriert arbeiten? Unm\u00f6glich! - Blog-Gefl\u00fcster - Arte Creativo - Fotografie - Werbung - Web-Design - Fotodesign - Webgestaltung - Events - Kunst - Design\" \/>\n<meta name=\"robots\" content=\"index, follow, max-snippet:-1, max-image-preview:large, max-video-preview:-1\" \/>\n<link rel=\"canonical\" href=\"https:\/\/www.artecreativo.de\/wordpress\/konzentration-unmoeglich\/\" \/>\n<meta property=\"og:locale\" content=\"de_DE\" \/>\n<meta property=\"og:type\" content=\"article\" \/>\n<meta property=\"og:title\" content=\"Konzentriert arbeiten? Unm\u00f6glich! - Arte Creativo\" \/>\n<meta property=\"og:description\" content=\"Konzentriert arbeiten? Unm\u00f6glich! - Blog-Gefl\u00fcster - Arte Creativo - Fotografie - Werbung - Web-Design - Fotodesign - Webgestaltung - Events - Kunst - Design\" \/>\n<meta property=\"og:url\" content=\"https:\/\/www.artecreativo.de\/wordpress\/konzentration-unmoeglich\/\" \/>\n<meta property=\"og:site_name\" content=\"Arte Creativo\" \/>\n<meta property=\"article:published_time\" content=\"2025-04-09T20:12:37+00:00\" \/>\n<meta property=\"article:modified_time\" content=\"2025-04-09T20:22:56+00:00\" \/>\n<meta property=\"og:image\" content=\"https:\/\/www.artecreativo.de\/wordpress\/wp-content\/uploads\/2025\/04\/Eichhoernchen_04.jpg\" \/>\n\t<meta property=\"og:image:width\" content=\"1600\" \/>\n\t<meta property=\"og:image:height\" content=\"1069\" \/>\n\t<meta property=\"og:image:type\" content=\"image\/jpeg\" \/>\n<meta name=\"author\" content=\"AC-Team\" \/>\n<meta name=\"twitter:card\" content=\"summary_large_image\" \/>\n<meta name=\"twitter:label1\" content=\"Verfasst von\" \/>\n\t<meta name=\"twitter:data1\" content=\"AC-Team\" \/>\n\t<meta name=\"twitter:label2\" content=\"Gesch\u00e4tzte Lesezeit\" \/>\n\t<meta name=\"twitter:data2\" content=\"5\u00a0Minuten\" \/>\n<script type=\"application\/ld+json\" class=\"yoast-schema-graph\">{\"@context\":\"https:\\\/\\\/schema.org\",\"@graph\":[{\"@type\":\"Article\",\"@id\":\"https:\\\/\\\/www.artecreativo.de\\\/wordpress\\\/konzentration-unmoeglich\\\/#article\",\"isPartOf\":{\"@id\":\"https:\\\/\\\/www.artecreativo.de\\\/wordpress\\\/konzentration-unmoeglich\\\/\"},\"author\":{\"name\":\"AC-Team\",\"@id\":\"https:\\\/\\\/www.artecreativo.de\\\/wordpress\\\/#\\\/schema\\\/person\\\/a139115e0f4ae77f19585328c6d76070\"},\"headline\":\"Konzentriert arbeiten? Unm\u00f6glich!\",\"datePublished\":\"2025-04-09T20:12:37+00:00\",\"dateModified\":\"2025-04-09T20:22:56+00:00\",\"mainEntityOfPage\":{\"@id\":\"https:\\\/\\\/www.artecreativo.de\\\/wordpress\\\/konzentration-unmoeglich\\\/\"},\"wordCount\":292,\"commentCount\":0,\"publisher\":{\"@id\":\"https:\\\/\\\/www.artecreativo.de\\\/wordpress\\\/#organization\"},\"image\":{\"@id\":\"https:\\\/\\\/www.artecreativo.de\\\/wordpress\\\/konzentration-unmoeglich\\\/#primaryimage\"},\"thumbnailUrl\":\"https:\\\/\\\/www.artecreativo.de\\\/wordpress\\\/wp-content\\\/uploads\\\/2025\\\/04\\\/Eichhoernchen_04.jpg\",\"keywords\":[\"Eichh\u00f6rnchen\",\"Eichkatze\",\"Im Garten hinterm Haus\",\"Nachwuchs\",\"Natur\",\"S\u00e4ugetiere\",\"Telefotografie\",\"Vielzus\u00fcss\"],\"articleSection\":[\"Blog-Gefl\u00fcster\"],\"inLanguage\":\"de\",\"potentialAction\":[{\"@type\":\"CommentAction\",\"name\":\"Comment\",\"target\":[\"https:\\\/\\\/www.artecreativo.de\\\/wordpress\\\/konzentration-unmoeglich\\\/#respond\"]}]},{\"@type\":\"WebPage\",\"@id\":\"https:\\\/\\\/www.artecreativo.de\\\/wordpress\\\/konzentration-unmoeglich\\\/\",\"url\":\"https:\\\/\\\/www.artecreativo.de\\\/wordpress\\\/konzentration-unmoeglich\\\/\",\"name\":\"Konzentriert arbeiten? Unm\u00f6glich! - Arte Creativo\",\"isPartOf\":{\"@id\":\"https:\\\/\\\/www.artecreativo.de\\\/wordpress\\\/#website\"},\"primaryImageOfPage\":{\"@id\":\"https:\\\/\\\/www.artecreativo.de\\\/wordpress\\\/konzentration-unmoeglich\\\/#primaryimage\"},\"image\":{\"@id\":\"https:\\\/\\\/www.artecreativo.de\\\/wordpress\\\/konzentration-unmoeglich\\\/#primaryimage\"},\"thumbnailUrl\":\"https:\\\/\\\/www.artecreativo.de\\\/wordpress\\\/wp-content\\\/uploads\\\/2025\\\/04\\\/Eichhoernchen_04.jpg\",\"datePublished\":\"2025-04-09T20:12:37+00:00\",\"dateModified\":\"2025-04-09T20:22:56+00:00\",\"description\":\"Konzentriert arbeiten? Unm\u00f6glich! - Blog-Gefl\u00fcster - Arte Creativo - Fotografie - Werbung - Web-Design - Fotodesign - Webgestaltung - Events - Kunst - Design\",\"breadcrumb\":{\"@id\":\"https:\\\/\\\/www.artecreativo.de\\\/wordpress\\\/konzentration-unmoeglich\\\/#breadcrumb\"},\"inLanguage\":\"de\",\"potentialAction\":[{\"@type\":\"ReadAction\",\"target\":[\"https:\\\/\\\/www.artecreativo.de\\\/wordpress\\\/konzentration-unmoeglich\\\/\"]}]},{\"@type\":\"ImageObject\",\"inLanguage\":\"de\",\"@id\":\"https:\\\/\\\/www.artecreativo.de\\\/wordpress\\\/konzentration-unmoeglich\\\/#primaryimage\",\"url\":\"https:\\\/\\\/www.artecreativo.de\\\/wordpress\\\/wp-content\\\/uploads\\\/2025\\\/04\\\/Eichhoernchen_04.jpg\",\"contentUrl\":\"https:\\\/\\\/www.artecreativo.de\\\/wordpress\\\/wp-content\\\/uploads\\\/2025\\\/04\\\/Eichhoernchen_04.jpg\",\"width\":1600,\"height\":1069},{\"@type\":\"BreadcrumbList\",\"@id\":\"https:\\\/\\\/www.artecreativo.de\\\/wordpress\\\/konzentration-unmoeglich\\\/#breadcrumb\",\"itemListElement\":[{\"@type\":\"ListItem\",\"position\":1,\"name\":\"Startseite\",\"item\":\"https:\\\/\\\/www.artecreativo.de\\\/wordpress\\\/\"},{\"@type\":\"ListItem\",\"position\":2,\"name\":\"Konzentriert arbeiten? Unm\u00f6glich!\"}]},{\"@type\":\"WebSite\",\"@id\":\"https:\\\/\\\/www.artecreativo.de\\\/wordpress\\\/#website\",\"url\":\"https:\\\/\\\/www.artecreativo.de\\\/wordpress\\\/\",\"name\":\"Arte Creativo\",\"description\":\"Fotodesign &amp; Webgestaltung\",\"publisher\":{\"@id\":\"https:\\\/\\\/www.artecreativo.de\\\/wordpress\\\/#organization\"},\"potentialAction\":[{\"@type\":\"SearchAction\",\"target\":{\"@type\":\"EntryPoint\",\"urlTemplate\":\"https:\\\/\\\/www.artecreativo.de\\\/wordpress\\\/?s={search_term_string}\"},\"query-input\":{\"@type\":\"PropertyValueSpecification\",\"valueRequired\":true,\"valueName\":\"search_term_string\"}}],\"inLanguage\":\"de\"},{\"@type\":\"Organization\",\"@id\":\"https:\\\/\\\/www.artecreativo.de\\\/wordpress\\\/#organization\",\"name\":\"Arte Creativo\",\"url\":\"https:\\\/\\\/www.artecreativo.de\\\/wordpress\\\/\",\"logo\":{\"@type\":\"ImageObject\",\"inLanguage\":\"de\",\"@id\":\"https:\\\/\\\/www.artecreativo.de\\\/wordpress\\\/#\\\/schema\\\/logo\\\/image\\\/\",\"url\":\"https:\\\/\\\/www.artecreativo.de\\\/wordpress\\\/wp-content\\\/uploads\\\/2018\\\/08\\\/cropped-Logo-840px.png\",\"contentUrl\":\"https:\\\/\\\/www.artecreativo.de\\\/wordpress\\\/wp-content\\\/uploads\\\/2018\\\/08\\\/cropped-Logo-840px.png\",\"width\":840,\"height\":151,\"caption\":\"Arte Creativo\"},\"image\":{\"@id\":\"https:\\\/\\\/www.artecreativo.de\\\/wordpress\\\/#\\\/schema\\\/logo\\\/image\\\/\"}},{\"@type\":\"Person\",\"@id\":\"https:\\\/\\\/www.artecreativo.de\\\/wordpress\\\/#\\\/schema\\\/person\\\/a139115e0f4ae77f19585328c6d76070\",\"name\":\"AC-Team\"}]}<\/script>\n<!-- \/ Yoast SEO plugin. -->","yoast_head_json":{"title":"Konzentriert arbeiten? Unm\u00f6glich! - Arte Creativo","description":"Konzentriert arbeiten? Unm\u00f6glich! - Blog-Gefl\u00fcster - Arte Creativo - Fotografie - Werbung - Web-Design - Fotodesign - Webgestaltung - Events - Kunst - Design","robots":{"index":"index","follow":"follow","max-snippet":"max-snippet:-1","max-image-preview":"max-image-preview:large","max-video-preview":"max-video-preview:-1"},"canonical":"https:\/\/www.artecreativo.de\/wordpress\/konzentration-unmoeglich\/","og_locale":"de_DE","og_type":"article","og_title":"Konzentriert arbeiten? Unm\u00f6glich! - Arte Creativo","og_description":"Konzentriert arbeiten? Unm\u00f6glich! - Blog-Gefl\u00fcster - Arte Creativo - Fotografie - Werbung - Web-Design - Fotodesign - Webgestaltung - Events - Kunst - Design","og_url":"https:\/\/www.artecreativo.de\/wordpress\/konzentration-unmoeglich\/","og_site_name":"Arte Creativo","article_published_time":"2025-04-09T20:12:37+00:00","article_modified_time":"2025-04-09T20:22:56+00:00","og_image":[{"width":1600,"height":1069,"url":"https:\/\/www.artecreativo.de\/wordpress\/wp-content\/uploads\/2025\/04\/Eichhoernchen_04.jpg","type":"image\/jpeg"}],"author":"AC-Team","twitter_card":"summary_large_image","twitter_misc":{"Verfasst von":"AC-Team","Gesch\u00e4tzte Lesezeit":"5\u00a0Minuten"},"schema":{"@context":"https:\/\/schema.org","@graph":[{"@type":"Article","@id":"https:\/\/www.artecreativo.de\/wordpress\/konzentration-unmoeglich\/#article","isPartOf":{"@id":"https:\/\/www.artecreativo.de\/wordpress\/konzentration-unmoeglich\/"},"author":{"name":"AC-Team","@id":"https:\/\/www.artecreativo.de\/wordpress\/#\/schema\/person\/a139115e0f4ae77f19585328c6d76070"},"headline":"Konzentriert arbeiten? Unm\u00f6glich!","datePublished":"2025-04-09T20:12:37+00:00","dateModified":"2025-04-09T20:22:56+00:00","mainEntityOfPage":{"@id":"https:\/\/www.artecreativo.de\/wordpress\/konzentration-unmoeglich\/"},"wordCount":292,"commentCount":0,"publisher":{"@id":"https:\/\/www.artecreativo.de\/wordpress\/#organization"},"image":{"@id":"https:\/\/www.artecreativo.de\/wordpress\/konzentration-unmoeglich\/#primaryimage"},"thumbnailUrl":"https:\/\/www.artecreativo.de\/wordpress\/wp-content\/uploads\/2025\/04\/Eichhoernchen_04.jpg","keywords":["Eichh\u00f6rnchen","Eichkatze","Im Garten hinterm Haus","Nachwuchs","Natur","S\u00e4ugetiere","Telefotografie","Vielzus\u00fcss"],"articleSection":["Blog-Gefl\u00fcster"],"inLanguage":"de","potentialAction":[{"@type":"CommentAction","name":"Comment","target":["https:\/\/www.artecreativo.de\/wordpress\/konzentration-unmoeglich\/#respond"]}]},{"@type":"WebPage","@id":"https:\/\/www.artecreativo.de\/wordpress\/konzentration-unmoeglich\/","url":"https:\/\/www.artecreativo.de\/wordpress\/konzentration-unmoeglich\/","name":"Konzentriert arbeiten? Unm\u00f6glich! - Arte Creativo","isPartOf":{"@id":"https:\/\/www.artecreativo.de\/wordpress\/#website"},"primaryImageOfPage":{"@id":"https:\/\/www.artecreativo.de\/wordpress\/konzentration-unmoeglich\/#primaryimage"},"image":{"@id":"https:\/\/www.artecreativo.de\/wordpress\/konzentration-unmoeglich\/#primaryimage"},"thumbnailUrl":"https:\/\/www.artecreativo.de\/wordpress\/wp-content\/uploads\/2025\/04\/Eichhoernchen_04.jpg","datePublished":"2025-04-09T20:12:37+00:00","dateModified":"2025-04-09T20:22:56+00:00","description":"Konzentriert arbeiten? Unm\u00f6glich! - Blog-Gefl\u00fcster - Arte Creativo - Fotografie - Werbung - Web-Design - Fotodesign - Webgestaltung - Events - Kunst - Design","breadcrumb":{"@id":"https:\/\/www.artecreativo.de\/wordpress\/konzentration-unmoeglich\/#breadcrumb"},"inLanguage":"de","potentialAction":[{"@type":"ReadAction","target":["https:\/\/www.artecreativo.de\/wordpress\/konzentration-unmoeglich\/"]}]},{"@type":"ImageObject","inLanguage":"de","@id":"https:\/\/www.artecreativo.de\/wordpress\/konzentration-unmoeglich\/#primaryimage","url":"https:\/\/www.artecreativo.de\/wordpress\/wp-content\/uploads\/2025\/04\/Eichhoernchen_04.jpg","contentUrl":"https:\/\/www.artecreativo.de\/wordpress\/wp-content\/uploads\/2025\/04\/Eichhoernchen_04.jpg","width":1600,"height":1069},{"@type":"BreadcrumbList","@id":"https:\/\/www.artecreativo.de\/wordpress\/konzentration-unmoeglich\/#breadcrumb","itemListElement":[{"@type":"ListItem","position":1,"name":"Startseite","item":"https:\/\/www.artecreativo.de\/wordpress\/"},{"@type":"ListItem","position":2,"name":"Konzentriert arbeiten? Unm\u00f6glich!"}]},{"@type":"WebSite","@id":"https:\/\/www.artecreativo.de\/wordpress\/#website","url":"https:\/\/www.artecreativo.de\/wordpress\/","name":"Arte Creativo","description":"Fotodesign &amp; Webgestaltung","publisher":{"@id":"https:\/\/www.artecreativo.de\/wordpress\/#organization"},"potentialAction":[{"@type":"SearchAction","target":{"@type":"EntryPoint","urlTemplate":"https:\/\/www.artecreativo.de\/wordpress\/?s={search_term_string}"},"query-input":{"@type":"PropertyValueSpecification","valueRequired":true,"valueName":"search_term_string"}}],"inLanguage":"de"},{"@type":"Organization","@id":"https:\/\/www.artecreativo.de\/wordpress\/#organization","name":"Arte Creativo","url":"https:\/\/www.artecreativo.de\/wordpress\/","logo":{"@type":"ImageObject","inLanguage":"de","@id":"https:\/\/www.artecreativo.de\/wordpress\/#\/schema\/logo\/image\/","url":"https:\/\/www.artecreativo.de\/wordpress\/wp-content\/uploads\/2018\/08\/cropped-Logo-840px.png","contentUrl":"https:\/\/www.artecreativo.de\/wordpress\/wp-content\/uploads\/2018\/08\/cropped-Logo-840px.png","width":840,"height":151,"caption":"Arte Creativo"},"image":{"@id":"https:\/\/www.artecreativo.de\/wordpress\/#\/schema\/logo\/image\/"}},{"@type":"Person","@id":"https:\/\/www.artecreativo.de\/wordpress\/#\/schema\/person\/a139115e0f4ae77f19585328c6d76070","name":"AC-Team"}]}},"_links":{"self":[{"href":"https:\/\/www.artecreativo.de\/wordpress\/wp-json\/wp\/v2\/posts\/1163","targetHints":{"allow":["GET"]}}],"collection":[{"href":"https:\/\/www.artecreativo.de\/wordpress\/wp-json\/wp\/v2\/posts"}],"about":[{"href":"https:\/\/www.artecreativo.de\/wordpress\/wp-json\/wp\/v2\/types\/post"}],"author":[{"embeddable":true,"href":"https:\/\/www.artecreativo.de\/wordpress\/wp-json\/wp\/v2\/users\/1"}],"replies":[{"embeddable":true,"href":"https:\/\/www.artecreativo.de\/wordpress\/wp-json\/wp\/v2\/comments?post=1163"}],"version-history":[{"count":11,"href":"https:\/\/www.artecreativo.de\/wordpress\/wp-json\/wp\/v2\/posts\/1163\/revisions"}],"predecessor-version":[{"id":1187,"href":"https:\/\/www.artecreativo.de\/wordpress\/wp-json\/wp\/v2\/posts\/1163\/revisions\/1187"}],"wp:featuredmedia":[{"embeddable":true,"href":"https:\/\/www.artecreativo.de\/wordpress\/wp-json\/wp\/v2\/media\/1165"}],"wp:attachment":[{"href":"https:\/\/www.artecreativo.de\/wordpress\/wp-json\/wp\/v2\/media?parent=1163"}],"wp:term":[{"taxonomy":"category","embeddable":true,"href":"https:\/\/www.artecreativo.de\/wordpress\/wp-json\/wp\/v2\/categories?post=1163"},{"taxonomy":"post_tag","embeddable":true,"href":"https:\/\/www.artecreativo.de\/wordpress\/wp-json\/wp\/v2\/tags?post=1163"}],"curies":[{"name":"wp","href":"https:\/\/api.w.org\/{rel}","templated":true}]}}