{"id":410,"date":"2018-09-11T21:44:53","date_gmt":"2018-09-11T19:44:53","guid":{"rendered":"https:\/\/www.artecreativo.de\/wordpress\/?p=410"},"modified":"2025-05-04T20:31:15","modified_gmt":"2025-05-04T18:31:15","slug":"industriekultur-in-oberhausen","status":"publish","type":"post","link":"https:\/\/www.artecreativo.de\/wordpress\/industriekultur-in-oberhausen\/","title":{"rendered":"Industriekultur in Oberhausen"},"content":{"rendered":"\n<div class=\"wp-block-image\"><figure class=\"aligncenter\"><a href=\"https:\/\/www.artecreativo.de\/wordpress\/wp-content\/uploads\/2018\/09\/Pr\u00e4zision.jpg\"><img loading=\"lazy\" decoding=\"async\" width=\"1194\" height=\"909\" src=\"https:\/\/www.artecreativo.de\/wordpress\/wp-content\/uploads\/2018\/09\/Pr\u00e4zision.jpg\" alt=\"\" class=\"wp-image-429\" srcset=\"https:\/\/www.artecreativo.de\/wordpress\/wp-content\/uploads\/2018\/09\/Pr\u00e4zision.jpg 1194w, https:\/\/www.artecreativo.de\/wordpress\/wp-content\/uploads\/2018\/09\/Pr\u00e4zision-300x228.jpg 300w, https:\/\/www.artecreativo.de\/wordpress\/wp-content\/uploads\/2018\/09\/Pr\u00e4zision-768x585.jpg 768w, https:\/\/www.artecreativo.de\/wordpress\/wp-content\/uploads\/2018\/09\/Pr\u00e4zision-690x525.jpg 690w, https:\/\/www.artecreativo.de\/wordpress\/wp-content\/uploads\/2018\/09\/Pr\u00e4zision-493x375.jpg 493w\" sizes=\"auto, (max-width: 1194px) 100vw, 1194px\" \/><\/a><\/figure><\/div>\n\n\n\n<p>Von Zeit zu Zeit zieht das Team von Arte Creativo auch einfach mal nur so los. Ganz ohne Auftrag, ganz ohne festes Ziel und zumeist entstehen bei diesen Exkursionen die spannendsten Aufnahmen. Den Beweis f\u00fcr diese Theorie m\u00f6chten wir mit der folgenden Fotostrecke antreten.<\/p>\n\n\n\n<p>Entstanden sind die Aufnahmen allesamt auf Oberhausener Stadtgebiet, jedoch h\u00e4tten die Locations nicht unterschiedlicher sein k\u00f6nnen. Die Zinkfabrik Altenberg, der Bahnhof Oberhausen, die denkmalgesch\u00fctzte Siedlung OB-Eisenheim, ein verlassener und schon schwer verfallener Lokschuppen, \u2026<\/p>\n\n\n\n<p>Ihr seht schon, dass uns unsere Reise von einer Stadtgrenze zur anderen gebracht hat. Eine kleine Auswahl der dabei entstandenen Motive m\u00f6chten wir Euch gerne schon heute zeigen.<\/p>\n\n\n\n<p>Viel Spa\u00df und bis demn\u00e4chst, Euer Team von Arte Creativo.<\/p>\n\n\n\n<ul class=\"wp-block-gallery columns-3 is-cropped wp-block-gallery-2 is-layout-flex wp-block-gallery-is-layout-flex\"><li class=\"blocks-gallery-item\"><figure><a href=\"https:\/\/www.artecreativo.de\/wordpress\/wp-content\/uploads\/2018\/09\/Walzen-III.jpg\"><img loading=\"lazy\" decoding=\"async\" width=\"1196\" height=\"842\" src=\"https:\/\/www.artecreativo.de\/wordpress\/wp-content\/uploads\/2018\/09\/Walzen-III.jpg\" alt=\"\" data-id=\"436\" data-link=\"https:\/\/www.artecreativo.de\/wordpress\/industriekultur-in-oberhausen\/walzen-iii\/\" class=\"wp-image-436\" srcset=\"https:\/\/www.artecreativo.de\/wordpress\/wp-content\/uploads\/2018\/09\/Walzen-III.jpg 1196w, https:\/\/www.artecreativo.de\/wordpress\/wp-content\/uploads\/2018\/09\/Walzen-III-300x211.jpg 300w, https:\/\/www.artecreativo.de\/wordpress\/wp-content\/uploads\/2018\/09\/Walzen-III-768x541.jpg 768w, https:\/\/www.artecreativo.de\/wordpress\/wp-content\/uploads\/2018\/09\/Walzen-III-746x525.jpg 746w, https:\/\/www.artecreativo.de\/wordpress\/wp-content\/uploads\/2018\/09\/Walzen-III-533x375.jpg 533w\" sizes=\"auto, (max-width: 1196px) 100vw, 1196px\" \/><\/a><\/figure><\/li><li class=\"blocks-gallery-item\"><figure><a href=\"https:\/\/www.artecreativo.de\/wordpress\/wp-content\/uploads\/2018\/09\/Emblem-I.jpg\"><img loading=\"lazy\" decoding=\"async\" width=\"657\" height=\"800\" src=\"https:\/\/www.artecreativo.de\/wordpress\/wp-content\/uploads\/2018\/09\/Emblem-I.jpg\" alt=\"\" data-id=\"417\" data-link=\"https:\/\/www.artecreativo.de\/wordpress\/industriekultur-in-oberhausen\/emblem-i\/\" class=\"wp-image-417\" srcset=\"https:\/\/www.artecreativo.de\/wordpress\/wp-content\/uploads\/2018\/09\/Emblem-I.jpg 657w, https:\/\/www.artecreativo.de\/wordpress\/wp-content\/uploads\/2018\/09\/Emblem-I-246x300.jpg 246w, https:\/\/www.artecreativo.de\/wordpress\/wp-content\/uploads\/2018\/09\/Emblem-I-431x525.jpg 431w, https:\/\/www.artecreativo.de\/wordpress\/wp-content\/uploads\/2018\/09\/Emblem-I-308x375.jpg 308w\" sizes=\"auto, (max-width: 657px) 100vw, 657px\" \/><\/a><\/figure><\/li><li class=\"blocks-gallery-item\"><figure><a href=\"https:\/\/www.artecreativo.de\/wordpress\/wp-content\/uploads\/2018\/09\/Andr\u00e9-Citro\u00ebns-Idee-III.jpg\"><img loading=\"lazy\" decoding=\"async\" width=\"538\" height=\"798\" src=\"https:\/\/www.artecreativo.de\/wordpress\/wp-content\/uploads\/2018\/09\/Andr\u00e9-Citro\u00ebns-Idee-III.jpg\" alt=\"\" data-id=\"414\" data-link=\"https:\/\/www.artecreativo.de\/wordpress\/industriekultur-in-oberhausen\/andre-citroens-idee-iii\/\" class=\"wp-image-414\" srcset=\"https:\/\/www.artecreativo.de\/wordpress\/wp-content\/uploads\/2018\/09\/Andr\u00e9-Citro\u00ebns-Idee-III.jpg 538w, https:\/\/www.artecreativo.de\/wordpress\/wp-content\/uploads\/2018\/09\/Andr\u00e9-Citro\u00ebns-Idee-III-202x300.jpg 202w, https:\/\/www.artecreativo.de\/wordpress\/wp-content\/uploads\/2018\/09\/Andr\u00e9-Citro\u00ebns-Idee-III-354x525.jpg 354w, https:\/\/www.artecreativo.de\/wordpress\/wp-content\/uploads\/2018\/09\/Andr\u00e9-Citro\u00ebns-Idee-III-253x375.jpg 253w\" sizes=\"auto, (max-width: 538px) 100vw, 538px\" \/><\/a><\/figure><\/li><li class=\"blocks-gallery-item\"><figure><a href=\"https:\/\/www.artecreativo.de\/wordpress\/wp-content\/uploads\/2018\/09\/Kultst\u00e4tte.jpg\"><img loading=\"lazy\" decoding=\"async\" width=\"1197\" height=\"684\" src=\"https:\/\/www.artecreativo.de\/wordpress\/wp-content\/uploads\/2018\/09\/Kultst\u00e4tte.jpg\" alt=\"\" data-id=\"423\" data-link=\"https:\/\/www.artecreativo.de\/wordpress\/industriekultur-in-oberhausen\/kultstaette\/\" class=\"wp-image-423\" srcset=\"https:\/\/www.artecreativo.de\/wordpress\/wp-content\/uploads\/2018\/09\/Kultst\u00e4tte.jpg 1197w, https:\/\/www.artecreativo.de\/wordpress\/wp-content\/uploads\/2018\/09\/Kultst\u00e4tte-300x171.jpg 300w, https:\/\/www.artecreativo.de\/wordpress\/wp-content\/uploads\/2018\/09\/Kultst\u00e4tte-768x439.jpg 768w, https:\/\/www.artecreativo.de\/wordpress\/wp-content\/uploads\/2018\/09\/Kultst\u00e4tte-840x480.jpg 840w, https:\/\/www.artecreativo.de\/wordpress\/wp-content\/uploads\/2018\/09\/Kultst\u00e4tte-600x343.jpg 600w\" sizes=\"auto, (max-width: 1197px) 100vw, 1197px\" \/><\/a><\/figure><\/li><li class=\"blocks-gallery-item\"><figure><a href=\"https:\/\/www.artecreativo.de\/wordpress\/wp-content\/uploads\/2018\/09\/F\u00fchrerstand-I.jpg\"><img loading=\"lazy\" decoding=\"async\" width=\"669\" height=\"798\" src=\"https:\/\/www.artecreativo.de\/wordpress\/wp-content\/uploads\/2018\/09\/F\u00fchrerstand-I.jpg\" alt=\"\" data-id=\"419\" data-link=\"https:\/\/www.artecreativo.de\/wordpress\/industriekultur-in-oberhausen\/fuehrerstand-i\/\" class=\"wp-image-419\" srcset=\"https:\/\/www.artecreativo.de\/wordpress\/wp-content\/uploads\/2018\/09\/F\u00fchrerstand-I.jpg 669w, https:\/\/www.artecreativo.de\/wordpress\/wp-content\/uploads\/2018\/09\/F\u00fchrerstand-I-252x300.jpg 252w, https:\/\/www.artecreativo.de\/wordpress\/wp-content\/uploads\/2018\/09\/F\u00fchrerstand-I-440x525.jpg 440w, https:\/\/www.artecreativo.de\/wordpress\/wp-content\/uploads\/2018\/09\/F\u00fchrerstand-I-314x375.jpg 314w\" sizes=\"auto, (max-width: 669px) 100vw, 669px\" \/><\/a><\/figure><\/li><li class=\"blocks-gallery-item\"><figure><a href=\"https:\/\/www.artecreativo.de\/wordpress\/wp-content\/uploads\/2018\/09\/Walzen-I.jpg\"><img loading=\"lazy\" decoding=\"async\" width=\"1195\" height=\"661\" src=\"https:\/\/www.artecreativo.de\/wordpress\/wp-content\/uploads\/2018\/09\/Walzen-I.jpg\" alt=\"\" data-id=\"434\" data-link=\"https:\/\/www.artecreativo.de\/wordpress\/industriekultur-in-oberhausen\/walzen-i\/\" class=\"wp-image-434\" srcset=\"https:\/\/www.artecreativo.de\/wordpress\/wp-content\/uploads\/2018\/09\/Walzen-I.jpg 1195w, https:\/\/www.artecreativo.de\/wordpress\/wp-content\/uploads\/2018\/09\/Walzen-I-300x166.jpg 300w, https:\/\/www.artecreativo.de\/wordpress\/wp-content\/uploads\/2018\/09\/Walzen-I-768x425.jpg 768w, https:\/\/www.artecreativo.de\/wordpress\/wp-content\/uploads\/2018\/09\/Walzen-I-840x465.jpg 840w, https:\/\/www.artecreativo.de\/wordpress\/wp-content\/uploads\/2018\/09\/Walzen-I-600x332.jpg 600w\" sizes=\"auto, (max-width: 1195px) 100vw, 1195px\" \/><\/a><\/figure><\/li><li class=\"blocks-gallery-item\"><figure><a href=\"https:\/\/www.artecreativo.de\/wordpress\/wp-content\/uploads\/2018\/09\/Verkeilt.jpg\"><img loading=\"lazy\" decoding=\"async\" width=\"1195\" height=\"779\" src=\"https:\/\/www.artecreativo.de\/wordpress\/wp-content\/uploads\/2018\/09\/Verkeilt.jpg\" alt=\"\" data-id=\"433\" data-link=\"https:\/\/www.artecreativo.de\/wordpress\/industriekultur-in-oberhausen\/verkeilt\/\" class=\"wp-image-433\" srcset=\"https:\/\/www.artecreativo.de\/wordpress\/wp-content\/uploads\/2018\/09\/Verkeilt.jpg 1195w, https:\/\/www.artecreativo.de\/wordpress\/wp-content\/uploads\/2018\/09\/Verkeilt-300x196.jpg 300w, https:\/\/www.artecreativo.de\/wordpress\/wp-content\/uploads\/2018\/09\/Verkeilt-768x501.jpg 768w, https:\/\/www.artecreativo.de\/wordpress\/wp-content\/uploads\/2018\/09\/Verkeilt-805x525.jpg 805w, https:\/\/www.artecreativo.de\/wordpress\/wp-content\/uploads\/2018\/09\/Verkeilt-575x375.jpg 575w\" sizes=\"auto, (max-width: 1195px) 100vw, 1195px\" \/><\/a><\/figure><\/li><li class=\"blocks-gallery-item\"><figure><a href=\"https:\/\/www.artecreativo.de\/wordpress\/wp-content\/uploads\/2018\/09\/Tonino-Guerra.jpg\"><img loading=\"lazy\" decoding=\"async\" width=\"1196\" height=\"697\" src=\"https:\/\/www.artecreativo.de\/wordpress\/wp-content\/uploads\/2018\/09\/Tonino-Guerra.jpg\" alt=\"\" data-id=\"432\" data-link=\"https:\/\/www.artecreativo.de\/wordpress\/industriekultur-in-oberhausen\/tonino-guerra\/\" class=\"wp-image-432\" srcset=\"https:\/\/www.artecreativo.de\/wordpress\/wp-content\/uploads\/2018\/09\/Tonino-Guerra.jpg 1196w, https:\/\/www.artecreativo.de\/wordpress\/wp-content\/uploads\/2018\/09\/Tonino-Guerra-300x175.jpg 300w, https:\/\/www.artecreativo.de\/wordpress\/wp-content\/uploads\/2018\/09\/Tonino-Guerra-768x448.jpg 768w, https:\/\/www.artecreativo.de\/wordpress\/wp-content\/uploads\/2018\/09\/Tonino-Guerra-840x490.jpg 840w, https:\/\/www.artecreativo.de\/wordpress\/wp-content\/uploads\/2018\/09\/Tonino-Guerra-600x350.jpg 600w\" sizes=\"auto, (max-width: 1196px) 100vw, 1196px\" \/><\/a><\/figure><\/li><li class=\"blocks-gallery-item\"><figure><a href=\"https:\/\/www.artecreativo.de\/wordpress\/wp-content\/uploads\/2018\/09\/Seitenlicht.jpg\"><img loading=\"lazy\" decoding=\"async\" width=\"630\" height=\"796\" src=\"https:\/\/www.artecreativo.de\/wordpress\/wp-content\/uploads\/2018\/09\/Seitenlicht.jpg\" alt=\"\" data-id=\"431\" data-link=\"https:\/\/www.artecreativo.de\/wordpress\/industriekultur-in-oberhausen\/seitenlicht\/\" class=\"wp-image-431\" srcset=\"https:\/\/www.artecreativo.de\/wordpress\/wp-content\/uploads\/2018\/09\/Seitenlicht.jpg 630w, https:\/\/www.artecreativo.de\/wordpress\/wp-content\/uploads\/2018\/09\/Seitenlicht-237x300.jpg 237w, https:\/\/www.artecreativo.de\/wordpress\/wp-content\/uploads\/2018\/09\/Seitenlicht-416x525.jpg 416w, https:\/\/www.artecreativo.de\/wordpress\/wp-content\/uploads\/2018\/09\/Seitenlicht-297x375.jpg 297w\" sizes=\"auto, (max-width: 630px) 100vw, 630px\" \/><\/a><\/figure><\/li><li class=\"blocks-gallery-item\"><figure><a href=\"https:\/\/www.artecreativo.de\/wordpress\/wp-content\/uploads\/2018\/09\/Rotten-Barrel-Coffee-Cup.jpg\"><img loading=\"lazy\" decoding=\"async\" width=\"1197\" height=\"722\" src=\"https:\/\/www.artecreativo.de\/wordpress\/wp-content\/uploads\/2018\/09\/Rotten-Barrel-Coffee-Cup.jpg\" alt=\"\" data-id=\"430\" data-link=\"https:\/\/www.artecreativo.de\/wordpress\/industriekultur-in-oberhausen\/rotten-barrel-coffee-cup\/\" class=\"wp-image-430\" srcset=\"https:\/\/www.artecreativo.de\/wordpress\/wp-content\/uploads\/2018\/09\/Rotten-Barrel-Coffee-Cup.jpg 1197w, https:\/\/www.artecreativo.de\/wordpress\/wp-content\/uploads\/2018\/09\/Rotten-Barrel-Coffee-Cup-300x181.jpg 300w, https:\/\/www.artecreativo.de\/wordpress\/wp-content\/uploads\/2018\/09\/Rotten-Barrel-Coffee-Cup-768x463.jpg 768w, https:\/\/www.artecreativo.de\/wordpress\/wp-content\/uploads\/2018\/09\/Rotten-Barrel-Coffee-Cup-840x507.jpg 840w, https:\/\/www.artecreativo.de\/wordpress\/wp-content\/uploads\/2018\/09\/Rotten-Barrel-Coffee-Cup-600x362.jpg 600w\" sizes=\"auto, (max-width: 1197px) 100vw, 1197px\" \/><\/a><\/figure><\/li><li class=\"blocks-gallery-item\"><figure><a href=\"https:\/\/www.artecreativo.de\/wordpress\/wp-content\/uploads\/2018\/09\/Pr\u00e4zision.jpg\"><img loading=\"lazy\" decoding=\"async\" width=\"1194\" height=\"909\" src=\"https:\/\/www.artecreativo.de\/wordpress\/wp-content\/uploads\/2018\/09\/Pr\u00e4zision.jpg\" alt=\"\" data-id=\"429\" data-link=\"https:\/\/www.artecreativo.de\/wordpress\/industriekultur-in-oberhausen\/praezision\/\" class=\"wp-image-429\" srcset=\"https:\/\/www.artecreativo.de\/wordpress\/wp-content\/uploads\/2018\/09\/Pr\u00e4zision.jpg 1194w, https:\/\/www.artecreativo.de\/wordpress\/wp-content\/uploads\/2018\/09\/Pr\u00e4zision-300x228.jpg 300w, https:\/\/www.artecreativo.de\/wordpress\/wp-content\/uploads\/2018\/09\/Pr\u00e4zision-768x585.jpg 768w, https:\/\/www.artecreativo.de\/wordpress\/wp-content\/uploads\/2018\/09\/Pr\u00e4zision-690x525.jpg 690w, https:\/\/www.artecreativo.de\/wordpress\/wp-content\/uploads\/2018\/09\/Pr\u00e4zision-493x375.jpg 493w\" sizes=\"auto, (max-width: 1194px) 100vw, 1194px\" \/><\/a><\/figure><\/li><li class=\"blocks-gallery-item\"><figure><a href=\"https:\/\/www.artecreativo.de\/wordpress\/wp-content\/uploads\/2018\/09\/Opel-Kadett.jpg\"><img loading=\"lazy\" decoding=\"async\" width=\"1197\" height=\"615\" src=\"https:\/\/www.artecreativo.de\/wordpress\/wp-content\/uploads\/2018\/09\/Opel-Kadett.jpg\" alt=\"\" data-id=\"428\" data-link=\"https:\/\/www.artecreativo.de\/wordpress\/industriekultur-in-oberhausen\/opel-kadett\/\" class=\"wp-image-428\" srcset=\"https:\/\/www.artecreativo.de\/wordpress\/wp-content\/uploads\/2018\/09\/Opel-Kadett.jpg 1197w, https:\/\/www.artecreativo.de\/wordpress\/wp-content\/uploads\/2018\/09\/Opel-Kadett-300x154.jpg 300w, https:\/\/www.artecreativo.de\/wordpress\/wp-content\/uploads\/2018\/09\/Opel-Kadett-768x395.jpg 768w, https:\/\/www.artecreativo.de\/wordpress\/wp-content\/uploads\/2018\/09\/Opel-Kadett-840x432.jpg 840w, https:\/\/www.artecreativo.de\/wordpress\/wp-content\/uploads\/2018\/09\/Opel-Kadett-600x308.jpg 600w\" sizes=\"auto, (max-width: 1197px) 100vw, 1197px\" \/><\/a><\/figure><\/li><li class=\"blocks-gallery-item\"><figure><a href=\"https:\/\/www.artecreativo.de\/wordpress\/wp-content\/uploads\/2018\/09\/Andr\u00e9-Citro\u00ebns-Idee-I.jpg\"><img loading=\"lazy\" decoding=\"async\" width=\"520\" height=\"798\" src=\"https:\/\/www.artecreativo.de\/wordpress\/wp-content\/uploads\/2018\/09\/Andr\u00e9-Citro\u00ebns-Idee-I.jpg\" alt=\"\" data-id=\"412\" data-link=\"https:\/\/www.artecreativo.de\/wordpress\/industriekultur-in-oberhausen\/andre-citroens-idee-i\/\" class=\"wp-image-412\" srcset=\"https:\/\/www.artecreativo.de\/wordpress\/wp-content\/uploads\/2018\/09\/Andr\u00e9-Citro\u00ebns-Idee-I.jpg 520w, https:\/\/www.artecreativo.de\/wordpress\/wp-content\/uploads\/2018\/09\/Andr\u00e9-Citro\u00ebns-Idee-I-195x300.jpg 195w, https:\/\/www.artecreativo.de\/wordpress\/wp-content\/uploads\/2018\/09\/Andr\u00e9-Citro\u00ebns-Idee-I-342x525.jpg 342w, https:\/\/www.artecreativo.de\/wordpress\/wp-content\/uploads\/2018\/09\/Andr\u00e9-Citro\u00ebns-Idee-I-244x375.jpg 244w\" sizes=\"auto, (max-width: 520px) 100vw, 520px\" \/><\/a><\/figure><\/li><li class=\"blocks-gallery-item\"><figure><a href=\"https:\/\/www.artecreativo.de\/wordpress\/wp-content\/uploads\/2018\/09\/\u00d6ler-II.jpg\"><img loading=\"lazy\" decoding=\"async\" width=\"1198\" height=\"772\" src=\"https:\/\/www.artecreativo.de\/wordpress\/wp-content\/uploads\/2018\/09\/\u00d6ler-II.jpg\" alt=\"\" data-id=\"427\" data-link=\"https:\/\/www.artecreativo.de\/wordpress\/industriekultur-in-oberhausen\/oeler-ii\/\" class=\"wp-image-427\" srcset=\"https:\/\/www.artecreativo.de\/wordpress\/wp-content\/uploads\/2018\/09\/\u00d6ler-II.jpg 1198w, https:\/\/www.artecreativo.de\/wordpress\/wp-content\/uploads\/2018\/09\/\u00d6ler-II-300x193.jpg 300w, https:\/\/www.artecreativo.de\/wordpress\/wp-content\/uploads\/2018\/09\/\u00d6ler-II-768x495.jpg 768w, https:\/\/www.artecreativo.de\/wordpress\/wp-content\/uploads\/2018\/09\/\u00d6ler-II-815x525.jpg 815w, https:\/\/www.artecreativo.de\/wordpress\/wp-content\/uploads\/2018\/09\/\u00d6ler-II-582x375.jpg 582w\" sizes=\"auto, (max-width: 1198px) 100vw, 1198px\" \/><\/a><\/figure><\/li><li class=\"blocks-gallery-item\"><figure><a href=\"https:\/\/www.artecreativo.de\/wordpress\/wp-content\/uploads\/2018\/09\/Lokschuppen.jpg\"><img loading=\"lazy\" decoding=\"async\" width=\"1198\" height=\"514\" src=\"https:\/\/www.artecreativo.de\/wordpress\/wp-content\/uploads\/2018\/09\/Lokschuppen.jpg\" alt=\"\" data-id=\"424\" data-link=\"https:\/\/www.artecreativo.de\/wordpress\/industriekultur-in-oberhausen\/lokschuppen\/\" class=\"wp-image-424\" srcset=\"https:\/\/www.artecreativo.de\/wordpress\/wp-content\/uploads\/2018\/09\/Lokschuppen.jpg 1198w, https:\/\/www.artecreativo.de\/wordpress\/wp-content\/uploads\/2018\/09\/Lokschuppen-300x129.jpg 300w, https:\/\/www.artecreativo.de\/wordpress\/wp-content\/uploads\/2018\/09\/Lokschuppen-768x330.jpg 768w, https:\/\/www.artecreativo.de\/wordpress\/wp-content\/uploads\/2018\/09\/Lokschuppen-840x360.jpg 840w, https:\/\/www.artecreativo.de\/wordpress\/wp-content\/uploads\/2018\/09\/Lokschuppen-600x257.jpg 600w\" sizes=\"auto, (max-width: 1198px) 100vw, 1198px\" \/><\/a><\/figure><\/li><li class=\"blocks-gallery-item\"><figure><a href=\"https:\/\/www.artecreativo.de\/wordpress\/wp-content\/uploads\/2018\/09\/Andr\u00e9-Citro\u00ebns-Idee-IV.jpg\"><img loading=\"lazy\" decoding=\"async\" width=\"539\" height=\"796\" src=\"https:\/\/www.artecreativo.de\/wordpress\/wp-content\/uploads\/2018\/09\/Andr\u00e9-Citro\u00ebns-Idee-IV.jpg\" alt=\"\" data-id=\"415\" data-link=\"https:\/\/www.artecreativo.de\/wordpress\/industriekultur-in-oberhausen\/andre-citroens-idee-iv\/\" class=\"wp-image-415\" srcset=\"https:\/\/www.artecreativo.de\/wordpress\/wp-content\/uploads\/2018\/09\/Andr\u00e9-Citro\u00ebns-Idee-IV.jpg 539w, https:\/\/www.artecreativo.de\/wordpress\/wp-content\/uploads\/2018\/09\/Andr\u00e9-Citro\u00ebns-Idee-IV-203x300.jpg 203w, https:\/\/www.artecreativo.de\/wordpress\/wp-content\/uploads\/2018\/09\/Andr\u00e9-Citro\u00ebns-Idee-IV-355x525.jpg 355w, https:\/\/www.artecreativo.de\/wordpress\/wp-content\/uploads\/2018\/09\/Andr\u00e9-Citro\u00ebns-Idee-IV-254x375.jpg 254w\" sizes=\"auto, (max-width: 539px) 100vw, 539px\" \/><\/a><\/figure><\/li><li class=\"blocks-gallery-item\"><figure><a href=\"https:\/\/www.artecreativo.de\/wordpress\/wp-content\/uploads\/2018\/09\/Formen.jpg\"><img loading=\"lazy\" decoding=\"async\" width=\"1196\" height=\"590\" src=\"https:\/\/www.artecreativo.de\/wordpress\/wp-content\/uploads\/2018\/09\/Formen.jpg\" alt=\"\" data-id=\"418\" data-link=\"https:\/\/www.artecreativo.de\/wordpress\/industriekultur-in-oberhausen\/formen\/\" class=\"wp-image-418\" srcset=\"https:\/\/www.artecreativo.de\/wordpress\/wp-content\/uploads\/2018\/09\/Formen.jpg 1196w, https:\/\/www.artecreativo.de\/wordpress\/wp-content\/uploads\/2018\/09\/Formen-300x148.jpg 300w, https:\/\/www.artecreativo.de\/wordpress\/wp-content\/uploads\/2018\/09\/Formen-768x379.jpg 768w, https:\/\/www.artecreativo.de\/wordpress\/wp-content\/uploads\/2018\/09\/Formen-840x414.jpg 840w, https:\/\/www.artecreativo.de\/wordpress\/wp-content\/uploads\/2018\/09\/Formen-600x296.jpg 600w\" sizes=\"auto, (max-width: 1196px) 100vw, 1196px\" \/><\/a><\/figure><\/li><li class=\"blocks-gallery-item\"><figure><a href=\"https:\/\/www.artecreativo.de\/wordpress\/wp-content\/uploads\/2018\/09\/Walzen-II.jpg\"><img loading=\"lazy\" decoding=\"async\" width=\"553\" height=\"796\" src=\"https:\/\/www.artecreativo.de\/wordpress\/wp-content\/uploads\/2018\/09\/Walzen-II.jpg\" alt=\"\" data-id=\"435\" data-link=\"https:\/\/www.artecreativo.de\/wordpress\/industriekultur-in-oberhausen\/walzen-ii\/\" class=\"wp-image-435\" srcset=\"https:\/\/www.artecreativo.de\/wordpress\/wp-content\/uploads\/2018\/09\/Walzen-II.jpg 553w, https:\/\/www.artecreativo.de\/wordpress\/wp-content\/uploads\/2018\/09\/Walzen-II-208x300.jpg 208w, https:\/\/www.artecreativo.de\/wordpress\/wp-content\/uploads\/2018\/09\/Walzen-II-365x525.jpg 365w, https:\/\/www.artecreativo.de\/wordpress\/wp-content\/uploads\/2018\/09\/Walzen-II-261x375.jpg 261w\" sizes=\"auto, (max-width: 553px) 100vw, 553px\" \/><\/a><\/figure><\/li><li class=\"blocks-gallery-item\"><figure><a href=\"https:\/\/www.artecreativo.de\/wordpress\/wp-content\/uploads\/2018\/09\/No-99.jpg\"><img loading=\"lazy\" decoding=\"async\" width=\"1196\" height=\"706\" src=\"https:\/\/www.artecreativo.de\/wordpress\/wp-content\/uploads\/2018\/09\/No-99.jpg\" alt=\"\" data-id=\"425\" data-link=\"https:\/\/www.artecreativo.de\/wordpress\/industriekultur-in-oberhausen\/no-99\/\" class=\"wp-image-425\" srcset=\"https:\/\/www.artecreativo.de\/wordpress\/wp-content\/uploads\/2018\/09\/No-99.jpg 1196w, https:\/\/www.artecreativo.de\/wordpress\/wp-content\/uploads\/2018\/09\/No-99-300x177.jpg 300w, https:\/\/www.artecreativo.de\/wordpress\/wp-content\/uploads\/2018\/09\/No-99-768x453.jpg 768w, https:\/\/www.artecreativo.de\/wordpress\/wp-content\/uploads\/2018\/09\/No-99-840x496.jpg 840w, https:\/\/www.artecreativo.de\/wordpress\/wp-content\/uploads\/2018\/09\/No-99-600x354.jpg 600w\" sizes=\"auto, (max-width: 1196px) 100vw, 1196px\" \/><\/a><\/figure><\/li><li class=\"blocks-gallery-item\"><figure><a href=\"https:\/\/www.artecreativo.de\/wordpress\/wp-content\/uploads\/2018\/09\/Akkord.jpg\"><img loading=\"lazy\" decoding=\"async\" width=\"1195\" height=\"665\" src=\"https:\/\/www.artecreativo.de\/wordpress\/wp-content\/uploads\/2018\/09\/Akkord.jpg\" alt=\"\" data-id=\"411\" data-link=\"https:\/\/www.artecreativo.de\/wordpress\/industriekultur-in-oberhausen\/akkord\/\" class=\"wp-image-411\" srcset=\"https:\/\/www.artecreativo.de\/wordpress\/wp-content\/uploads\/2018\/09\/Akkord.jpg 1195w, https:\/\/www.artecreativo.de\/wordpress\/wp-content\/uploads\/2018\/09\/Akkord-300x167.jpg 300w, https:\/\/www.artecreativo.de\/wordpress\/wp-content\/uploads\/2018\/09\/Akkord-768x427.jpg 768w, https:\/\/www.artecreativo.de\/wordpress\/wp-content\/uploads\/2018\/09\/Akkord-840x467.jpg 840w, https:\/\/www.artecreativo.de\/wordpress\/wp-content\/uploads\/2018\/09\/Akkord-600x334.jpg 600w\" sizes=\"auto, (max-width: 1195px) 100vw, 1195px\" \/><\/a><\/figure><\/li><li class=\"blocks-gallery-item\"><figure><a href=\"https:\/\/www.artecreativo.de\/wordpress\/wp-content\/uploads\/2018\/09\/Krupp-Diesel.jpg\"><img loading=\"lazy\" decoding=\"async\" width=\"1198\" height=\"735\" src=\"https:\/\/www.artecreativo.de\/wordpress\/wp-content\/uploads\/2018\/09\/Krupp-Diesel.jpg\" alt=\"\" data-id=\"422\" data-link=\"https:\/\/www.artecreativo.de\/wordpress\/industriekultur-in-oberhausen\/krupp-diesel\/\" class=\"wp-image-422\" srcset=\"https:\/\/www.artecreativo.de\/wordpress\/wp-content\/uploads\/2018\/09\/Krupp-Diesel.jpg 1198w, https:\/\/www.artecreativo.de\/wordpress\/wp-content\/uploads\/2018\/09\/Krupp-Diesel-300x184.jpg 300w, https:\/\/www.artecreativo.de\/wordpress\/wp-content\/uploads\/2018\/09\/Krupp-Diesel-768x471.jpg 768w, https:\/\/www.artecreativo.de\/wordpress\/wp-content\/uploads\/2018\/09\/Krupp-Diesel-840x515.jpg 840w, https:\/\/www.artecreativo.de\/wordpress\/wp-content\/uploads\/2018\/09\/Krupp-Diesel-600x368.jpg 600w\" sizes=\"auto, (max-width: 1198px) 100vw, 1198px\" \/><\/a><\/figure><\/li><li class=\"blocks-gallery-item\"><figure><a href=\"https:\/\/www.artecreativo.de\/wordpress\/wp-content\/uploads\/2018\/09\/Hauptmotor-Aus.jpg\"><img loading=\"lazy\" decoding=\"async\" width=\"1196\" height=\"604\" src=\"https:\/\/www.artecreativo.de\/wordpress\/wp-content\/uploads\/2018\/09\/Hauptmotor-Aus.jpg\" alt=\"\" data-id=\"421\" data-link=\"https:\/\/www.artecreativo.de\/wordpress\/industriekultur-in-oberhausen\/hauptmotor-aus\/\" class=\"wp-image-421\" srcset=\"https:\/\/www.artecreativo.de\/wordpress\/wp-content\/uploads\/2018\/09\/Hauptmotor-Aus.jpg 1196w, https:\/\/www.artecreativo.de\/wordpress\/wp-content\/uploads\/2018\/09\/Hauptmotor-Aus-300x152.jpg 300w, https:\/\/www.artecreativo.de\/wordpress\/wp-content\/uploads\/2018\/09\/Hauptmotor-Aus-768x388.jpg 768w, https:\/\/www.artecreativo.de\/wordpress\/wp-content\/uploads\/2018\/09\/Hauptmotor-Aus-840x424.jpg 840w, https:\/\/www.artecreativo.de\/wordpress\/wp-content\/uploads\/2018\/09\/Hauptmotor-Aus-600x303.jpg 600w\" sizes=\"auto, (max-width: 1196px) 100vw, 1196px\" \/><\/a><\/figure><\/li><li class=\"blocks-gallery-item\"><figure><a href=\"https:\/\/www.artecreativo.de\/wordpress\/wp-content\/uploads\/2018\/09\/F\u00fchrerstand-II.jpg\"><img loading=\"lazy\" decoding=\"async\" width=\"1198\" height=\"789\" src=\"https:\/\/www.artecreativo.de\/wordpress\/wp-content\/uploads\/2018\/09\/F\u00fchrerstand-II.jpg\" alt=\"\" data-id=\"420\" data-link=\"https:\/\/www.artecreativo.de\/wordpress\/industriekultur-in-oberhausen\/fuehrerstand-ii\/\" class=\"wp-image-420\" srcset=\"https:\/\/www.artecreativo.de\/wordpress\/wp-content\/uploads\/2018\/09\/F\u00fchrerstand-II.jpg 1198w, https:\/\/www.artecreativo.de\/wordpress\/wp-content\/uploads\/2018\/09\/F\u00fchrerstand-II-300x198.jpg 300w, https:\/\/www.artecreativo.de\/wordpress\/wp-content\/uploads\/2018\/09\/F\u00fchrerstand-II-768x506.jpg 768w, https:\/\/www.artecreativo.de\/wordpress\/wp-content\/uploads\/2018\/09\/F\u00fchrerstand-II-797x525.jpg 797w, https:\/\/www.artecreativo.de\/wordpress\/wp-content\/uploads\/2018\/09\/F\u00fchrerstand-II-120x80.jpg 120w, https:\/\/www.artecreativo.de\/wordpress\/wp-content\/uploads\/2018\/09\/F\u00fchrerstand-II-569x375.jpg 569w\" sizes=\"auto, (max-width: 1198px) 100vw, 1198px\" \/><\/a><\/figure><\/li><li class=\"blocks-gallery-item\"><figure><a href=\"https:\/\/www.artecreativo.de\/wordpress\/wp-content\/uploads\/2018\/09\/\u00d6ler-I.jpg\"><img loading=\"lazy\" decoding=\"async\" width=\"523\" height=\"796\" src=\"https:\/\/www.artecreativo.de\/wordpress\/wp-content\/uploads\/2018\/09\/\u00d6ler-I.jpg\" alt=\"\" data-id=\"426\" data-link=\"https:\/\/www.artecreativo.de\/wordpress\/industriekultur-in-oberhausen\/oeler-i\/\" class=\"wp-image-426\" srcset=\"https:\/\/www.artecreativo.de\/wordpress\/wp-content\/uploads\/2018\/09\/\u00d6ler-I.jpg 523w, https:\/\/www.artecreativo.de\/wordpress\/wp-content\/uploads\/2018\/09\/\u00d6ler-I-197x300.jpg 197w, https:\/\/www.artecreativo.de\/wordpress\/wp-content\/uploads\/2018\/09\/\u00d6ler-I-345x525.jpg 345w, https:\/\/www.artecreativo.de\/wordpress\/wp-content\/uploads\/2018\/09\/\u00d6ler-I-246x375.jpg 246w\" sizes=\"auto, (max-width: 523px) 100vw, 523px\" \/><\/a><\/figure><\/li><li class=\"blocks-gallery-item\"><figure><a href=\"https:\/\/www.artecreativo.de\/wordpress\/wp-content\/uploads\/2018\/09\/Baureihe-50.jpg\"><img loading=\"lazy\" decoding=\"async\" width=\"531\" height=\"800\" src=\"https:\/\/www.artecreativo.de\/wordpress\/wp-content\/uploads\/2018\/09\/Baureihe-50.jpg\" alt=\"\" data-id=\"416\" data-link=\"https:\/\/www.artecreativo.de\/wordpress\/industriekultur-in-oberhausen\/baureihe-50\/\" class=\"wp-image-416\" srcset=\"https:\/\/www.artecreativo.de\/wordpress\/wp-content\/uploads\/2018\/09\/Baureihe-50.jpg 531w, https:\/\/www.artecreativo.de\/wordpress\/wp-content\/uploads\/2018\/09\/Baureihe-50-199x300.jpg 199w, https:\/\/www.artecreativo.de\/wordpress\/wp-content\/uploads\/2018\/09\/Baureihe-50-348x525.jpg 348w, https:\/\/www.artecreativo.de\/wordpress\/wp-content\/uploads\/2018\/09\/Baureihe-50-249x375.jpg 249w\" sizes=\"auto, (max-width: 531px) 100vw, 531px\" \/><\/a><\/figure><\/li><li class=\"blocks-gallery-item\"><figure><a href=\"https:\/\/www.artecreativo.de\/wordpress\/wp-content\/uploads\/2018\/09\/Andr\u00e9-Citro\u00ebns-Idee-II.jpg\"><img loading=\"lazy\" decoding=\"async\" width=\"1196\" height=\"782\" src=\"https:\/\/www.artecreativo.de\/wordpress\/wp-content\/uploads\/2018\/09\/Andr\u00e9-Citro\u00ebns-Idee-II.jpg\" alt=\"\" data-id=\"413\" data-link=\"https:\/\/www.artecreativo.de\/wordpress\/industriekultur-in-oberhausen\/andre-citroens-idee-ii\/\" class=\"wp-image-413\" srcset=\"https:\/\/www.artecreativo.de\/wordpress\/wp-content\/uploads\/2018\/09\/Andr\u00e9-Citro\u00ebns-Idee-II.jpg 1196w, https:\/\/www.artecreativo.de\/wordpress\/wp-content\/uploads\/2018\/09\/Andr\u00e9-Citro\u00ebns-Idee-II-300x196.jpg 300w, https:\/\/www.artecreativo.de\/wordpress\/wp-content\/uploads\/2018\/09\/Andr\u00e9-Citro\u00ebns-Idee-II-768x502.jpg 768w, https:\/\/www.artecreativo.de\/wordpress\/wp-content\/uploads\/2018\/09\/Andr\u00e9-Citro\u00ebns-Idee-II-803x525.jpg 803w, https:\/\/www.artecreativo.de\/wordpress\/wp-content\/uploads\/2018\/09\/Andr\u00e9-Citro\u00ebns-Idee-II-574x375.jpg 574w\" sizes=\"auto, (max-width: 1196px) 100vw, 1196px\" \/><\/a><\/figure><\/li><\/ul>\n","protected":false},"excerpt":{"rendered":"<p>Von Zeit zu Zeit zieht das Team von Arte Creativo auch einfach mal nur so los. Ganz ohne Auftrag, ganz ohne festes Ziel und zumeist entstehen bei diesen Exkursionen die spannendsten Aufnahmen. Den Beweis f\u00fcr diese Theorie m\u00f6chten wir mit der folgenden Fotostrecke antreten. Entstanden sind die Aufnahmen allesamt auf &hellip;<\/p>\n","protected":false},"author":1,"featured_media":429,"comment_status":"open","ping_status":"open","sticky":false,"template":"","format":"standard","meta":{"footnotes":""},"categories":[25],"tags":[57,54,53,52,55,51,58,56],"class_list":["post-410","post","type-post","status-publish","format-standard","has-post-thumbnail","hentry","category-unterwegs-mit-arte-creativo","tag-altenberg","tag-details","tag-eisenheim","tag-industrie","tag-lokschuppen","tag-oberhausen","tag-schwarz-weiss","tag-zinkfabrik"],"yoast_head":"<!-- This site is optimized with the Yoast SEO plugin v27.5 - https:\/\/yoast.com\/product\/yoast-seo-wordpress\/ -->\n<title>Industriekultur in Oberhausen - Arte Creativo<\/title>\n<meta name=\"description\" content=\"Industriekultur in Oberhausen - Unterwegs mit Arte Creativo - Arte Creativo - Fotografie - Werbung - Web-Design - Fotodesign - Webgestaltung - Events - Kunst - Design\" \/>\n<meta name=\"robots\" content=\"index, follow, max-snippet:-1, max-image-preview:large, max-video-preview:-1\" \/>\n<link rel=\"canonical\" href=\"https:\/\/www.artecreativo.de\/wordpress\/industriekultur-in-oberhausen\/\" \/>\n<meta property=\"og:locale\" content=\"de_DE\" \/>\n<meta property=\"og:type\" content=\"article\" \/>\n<meta property=\"og:title\" content=\"Industriekultur in Oberhausen - Arte Creativo\" \/>\n<meta property=\"og:description\" content=\"Industriekultur in Oberhausen - Unterwegs mit Arte Creativo - Arte Creativo - Fotografie - Werbung - Web-Design - Fotodesign - Webgestaltung - Events - Kunst - Design\" \/>\n<meta property=\"og:url\" content=\"https:\/\/www.artecreativo.de\/wordpress\/industriekultur-in-oberhausen\/\" \/>\n<meta property=\"og:site_name\" content=\"Arte Creativo\" \/>\n<meta property=\"article:published_time\" content=\"2018-09-11T19:44:53+00:00\" \/>\n<meta property=\"article:modified_time\" content=\"2025-05-04T18:31:15+00:00\" \/>\n<meta property=\"og:image\" content=\"https:\/\/www.artecreativo.de\/wordpress\/wp-content\/uploads\/2018\/09\/Pr\u00e4zision.jpg\" \/>\n\t<meta property=\"og:image:width\" content=\"1194\" \/>\n\t<meta property=\"og:image:height\" content=\"909\" \/>\n\t<meta property=\"og:image:type\" content=\"image\/jpeg\" \/>\n<meta name=\"author\" content=\"AC-Team\" \/>\n<meta name=\"twitter:card\" content=\"summary_large_image\" \/>\n<meta name=\"twitter:label1\" content=\"Verfasst von\" \/>\n\t<meta name=\"twitter:data1\" content=\"AC-Team\" \/>\n\t<meta name=\"twitter:label2\" content=\"Gesch\u00e4tzte Lesezeit\" \/>\n\t<meta name=\"twitter:data2\" content=\"1\u00a0Minute\" \/>\n<script type=\"application\/ld+json\" class=\"yoast-schema-graph\">{\"@context\":\"https:\\\/\\\/schema.org\",\"@graph\":[{\"@type\":\"Article\",\"@id\":\"https:\\\/\\\/www.artecreativo.de\\\/wordpress\\\/industriekultur-in-oberhausen\\\/#article\",\"isPartOf\":{\"@id\":\"https:\\\/\\\/www.artecreativo.de\\\/wordpress\\\/industriekultur-in-oberhausen\\\/\"},\"author\":{\"name\":\"AC-Team\",\"@id\":\"https:\\\/\\\/www.artecreativo.de\\\/wordpress\\\/#\\\/schema\\\/person\\\/a139115e0f4ae77f19585328c6d76070\"},\"headline\":\"Industriekultur in Oberhausen\",\"datePublished\":\"2018-09-11T19:44:53+00:00\",\"dateModified\":\"2025-05-04T18:31:15+00:00\",\"mainEntityOfPage\":{\"@id\":\"https:\\\/\\\/www.artecreativo.de\\\/wordpress\\\/industriekultur-in-oberhausen\\\/\"},\"wordCount\":125,\"commentCount\":0,\"publisher\":{\"@id\":\"https:\\\/\\\/www.artecreativo.de\\\/wordpress\\\/#organization\"},\"image\":{\"@id\":\"https:\\\/\\\/www.artecreativo.de\\\/wordpress\\\/industriekultur-in-oberhausen\\\/#primaryimage\"},\"thumbnailUrl\":\"https:\\\/\\\/www.artecreativo.de\\\/wordpress\\\/wp-content\\\/uploads\\\/2018\\\/09\\\/Pr\u00e4zision.jpg\",\"keywords\":[\"Altenberg\",\"Details\",\"Eisenheim\",\"Industrie\",\"Lokschuppen\",\"Oberhausen\",\"Schwarz Weiss\",\"Zinkfabrik\"],\"articleSection\":[\"Unterwegs mit Arte Creativo\"],\"inLanguage\":\"de\",\"potentialAction\":[{\"@type\":\"CommentAction\",\"name\":\"Comment\",\"target\":[\"https:\\\/\\\/www.artecreativo.de\\\/wordpress\\\/industriekultur-in-oberhausen\\\/#respond\"]}]},{\"@type\":\"WebPage\",\"@id\":\"https:\\\/\\\/www.artecreativo.de\\\/wordpress\\\/industriekultur-in-oberhausen\\\/\",\"url\":\"https:\\\/\\\/www.artecreativo.de\\\/wordpress\\\/industriekultur-in-oberhausen\\\/\",\"name\":\"Industriekultur in Oberhausen - Arte Creativo\",\"isPartOf\":{\"@id\":\"https:\\\/\\\/www.artecreativo.de\\\/wordpress\\\/#website\"},\"primaryImageOfPage\":{\"@id\":\"https:\\\/\\\/www.artecreativo.de\\\/wordpress\\\/industriekultur-in-oberhausen\\\/#primaryimage\"},\"image\":{\"@id\":\"https:\\\/\\\/www.artecreativo.de\\\/wordpress\\\/industriekultur-in-oberhausen\\\/#primaryimage\"},\"thumbnailUrl\":\"https:\\\/\\\/www.artecreativo.de\\\/wordpress\\\/wp-content\\\/uploads\\\/2018\\\/09\\\/Pr\u00e4zision.jpg\",\"datePublished\":\"2018-09-11T19:44:53+00:00\",\"dateModified\":\"2025-05-04T18:31:15+00:00\",\"description\":\"Industriekultur in Oberhausen - Unterwegs mit Arte Creativo - Arte Creativo - Fotografie - Werbung - Web-Design - Fotodesign - Webgestaltung - Events - Kunst - Design\",\"breadcrumb\":{\"@id\":\"https:\\\/\\\/www.artecreativo.de\\\/wordpress\\\/industriekultur-in-oberhausen\\\/#breadcrumb\"},\"inLanguage\":\"de\",\"potentialAction\":[{\"@type\":\"ReadAction\",\"target\":[\"https:\\\/\\\/www.artecreativo.de\\\/wordpress\\\/industriekultur-in-oberhausen\\\/\"]}]},{\"@type\":\"ImageObject\",\"inLanguage\":\"de\",\"@id\":\"https:\\\/\\\/www.artecreativo.de\\\/wordpress\\\/industriekultur-in-oberhausen\\\/#primaryimage\",\"url\":\"https:\\\/\\\/www.artecreativo.de\\\/wordpress\\\/wp-content\\\/uploads\\\/2018\\\/09\\\/Pr\u00e4zision.jpg\",\"contentUrl\":\"https:\\\/\\\/www.artecreativo.de\\\/wordpress\\\/wp-content\\\/uploads\\\/2018\\\/09\\\/Pr\u00e4zision.jpg\",\"width\":1194,\"height\":909},{\"@type\":\"BreadcrumbList\",\"@id\":\"https:\\\/\\\/www.artecreativo.de\\\/wordpress\\\/industriekultur-in-oberhausen\\\/#breadcrumb\",\"itemListElement\":[{\"@type\":\"ListItem\",\"position\":1,\"name\":\"Startseite\",\"item\":\"https:\\\/\\\/www.artecreativo.de\\\/wordpress\\\/\"},{\"@type\":\"ListItem\",\"position\":2,\"name\":\"Industriekultur in Oberhausen\"}]},{\"@type\":\"WebSite\",\"@id\":\"https:\\\/\\\/www.artecreativo.de\\\/wordpress\\\/#website\",\"url\":\"https:\\\/\\\/www.artecreativo.de\\\/wordpress\\\/\",\"name\":\"Arte Creativo\",\"description\":\"Fotodesign &amp; Webgestaltung\",\"publisher\":{\"@id\":\"https:\\\/\\\/www.artecreativo.de\\\/wordpress\\\/#organization\"},\"potentialAction\":[{\"@type\":\"SearchAction\",\"target\":{\"@type\":\"EntryPoint\",\"urlTemplate\":\"https:\\\/\\\/www.artecreativo.de\\\/wordpress\\\/?s={search_term_string}\"},\"query-input\":{\"@type\":\"PropertyValueSpecification\",\"valueRequired\":true,\"valueName\":\"search_term_string\"}}],\"inLanguage\":\"de\"},{\"@type\":\"Organization\",\"@id\":\"https:\\\/\\\/www.artecreativo.de\\\/wordpress\\\/#organization\",\"name\":\"Arte Creativo\",\"url\":\"https:\\\/\\\/www.artecreativo.de\\\/wordpress\\\/\",\"logo\":{\"@type\":\"ImageObject\",\"inLanguage\":\"de\",\"@id\":\"https:\\\/\\\/www.artecreativo.de\\\/wordpress\\\/#\\\/schema\\\/logo\\\/image\\\/\",\"url\":\"https:\\\/\\\/www.artecreativo.de\\\/wordpress\\\/wp-content\\\/uploads\\\/2018\\\/08\\\/cropped-Logo-840px.png\",\"contentUrl\":\"https:\\\/\\\/www.artecreativo.de\\\/wordpress\\\/wp-content\\\/uploads\\\/2018\\\/08\\\/cropped-Logo-840px.png\",\"width\":840,\"height\":151,\"caption\":\"Arte Creativo\"},\"image\":{\"@id\":\"https:\\\/\\\/www.artecreativo.de\\\/wordpress\\\/#\\\/schema\\\/logo\\\/image\\\/\"}},{\"@type\":\"Person\",\"@id\":\"https:\\\/\\\/www.artecreativo.de\\\/wordpress\\\/#\\\/schema\\\/person\\\/a139115e0f4ae77f19585328c6d76070\",\"name\":\"AC-Team\"}]}<\/script>\n<!-- \/ Yoast SEO plugin. -->","yoast_head_json":{"title":"Industriekultur in Oberhausen - Arte Creativo","description":"Industriekultur in Oberhausen - Unterwegs mit Arte Creativo - Arte Creativo - Fotografie - Werbung - Web-Design - Fotodesign - Webgestaltung - Events - Kunst - Design","robots":{"index":"index","follow":"follow","max-snippet":"max-snippet:-1","max-image-preview":"max-image-preview:large","max-video-preview":"max-video-preview:-1"},"canonical":"https:\/\/www.artecreativo.de\/wordpress\/industriekultur-in-oberhausen\/","og_locale":"de_DE","og_type":"article","og_title":"Industriekultur in Oberhausen - Arte Creativo","og_description":"Industriekultur in Oberhausen - Unterwegs mit Arte Creativo - Arte Creativo - Fotografie - Werbung - Web-Design - Fotodesign - Webgestaltung - Events - Kunst - Design","og_url":"https:\/\/www.artecreativo.de\/wordpress\/industriekultur-in-oberhausen\/","og_site_name":"Arte Creativo","article_published_time":"2018-09-11T19:44:53+00:00","article_modified_time":"2025-05-04T18:31:15+00:00","og_image":[{"width":1194,"height":909,"url":"https:\/\/www.artecreativo.de\/wordpress\/wp-content\/uploads\/2018\/09\/Pr\u00e4zision.jpg","type":"image\/jpeg"}],"author":"AC-Team","twitter_card":"summary_large_image","twitter_misc":{"Verfasst von":"AC-Team","Gesch\u00e4tzte Lesezeit":"1\u00a0Minute"},"schema":{"@context":"https:\/\/schema.org","@graph":[{"@type":"Article","@id":"https:\/\/www.artecreativo.de\/wordpress\/industriekultur-in-oberhausen\/#article","isPartOf":{"@id":"https:\/\/www.artecreativo.de\/wordpress\/industriekultur-in-oberhausen\/"},"author":{"name":"AC-Team","@id":"https:\/\/www.artecreativo.de\/wordpress\/#\/schema\/person\/a139115e0f4ae77f19585328c6d76070"},"headline":"Industriekultur in Oberhausen","datePublished":"2018-09-11T19:44:53+00:00","dateModified":"2025-05-04T18:31:15+00:00","mainEntityOfPage":{"@id":"https:\/\/www.artecreativo.de\/wordpress\/industriekultur-in-oberhausen\/"},"wordCount":125,"commentCount":0,"publisher":{"@id":"https:\/\/www.artecreativo.de\/wordpress\/#organization"},"image":{"@id":"https:\/\/www.artecreativo.de\/wordpress\/industriekultur-in-oberhausen\/#primaryimage"},"thumbnailUrl":"https:\/\/www.artecreativo.de\/wordpress\/wp-content\/uploads\/2018\/09\/Pr\u00e4zision.jpg","keywords":["Altenberg","Details","Eisenheim","Industrie","Lokschuppen","Oberhausen","Schwarz Weiss","Zinkfabrik"],"articleSection":["Unterwegs mit Arte Creativo"],"inLanguage":"de","potentialAction":[{"@type":"CommentAction","name":"Comment","target":["https:\/\/www.artecreativo.de\/wordpress\/industriekultur-in-oberhausen\/#respond"]}]},{"@type":"WebPage","@id":"https:\/\/www.artecreativo.de\/wordpress\/industriekultur-in-oberhausen\/","url":"https:\/\/www.artecreativo.de\/wordpress\/industriekultur-in-oberhausen\/","name":"Industriekultur in Oberhausen - Arte Creativo","isPartOf":{"@id":"https:\/\/www.artecreativo.de\/wordpress\/#website"},"primaryImageOfPage":{"@id":"https:\/\/www.artecreativo.de\/wordpress\/industriekultur-in-oberhausen\/#primaryimage"},"image":{"@id":"https:\/\/www.artecreativo.de\/wordpress\/industriekultur-in-oberhausen\/#primaryimage"},"thumbnailUrl":"https:\/\/www.artecreativo.de\/wordpress\/wp-content\/uploads\/2018\/09\/Pr\u00e4zision.jpg","datePublished":"2018-09-11T19:44:53+00:00","dateModified":"2025-05-04T18:31:15+00:00","description":"Industriekultur in Oberhausen - Unterwegs mit Arte Creativo - Arte Creativo - Fotografie - Werbung - Web-Design - Fotodesign - Webgestaltung - Events - Kunst - Design","breadcrumb":{"@id":"https:\/\/www.artecreativo.de\/wordpress\/industriekultur-in-oberhausen\/#breadcrumb"},"inLanguage":"de","potentialAction":[{"@type":"ReadAction","target":["https:\/\/www.artecreativo.de\/wordpress\/industriekultur-in-oberhausen\/"]}]},{"@type":"ImageObject","inLanguage":"de","@id":"https:\/\/www.artecreativo.de\/wordpress\/industriekultur-in-oberhausen\/#primaryimage","url":"https:\/\/www.artecreativo.de\/wordpress\/wp-content\/uploads\/2018\/09\/Pr\u00e4zision.jpg","contentUrl":"https:\/\/www.artecreativo.de\/wordpress\/wp-content\/uploads\/2018\/09\/Pr\u00e4zision.jpg","width":1194,"height":909},{"@type":"BreadcrumbList","@id":"https:\/\/www.artecreativo.de\/wordpress\/industriekultur-in-oberhausen\/#breadcrumb","itemListElement":[{"@type":"ListItem","position":1,"name":"Startseite","item":"https:\/\/www.artecreativo.de\/wordpress\/"},{"@type":"ListItem","position":2,"name":"Industriekultur in Oberhausen"}]},{"@type":"WebSite","@id":"https:\/\/www.artecreativo.de\/wordpress\/#website","url":"https:\/\/www.artecreativo.de\/wordpress\/","name":"Arte Creativo","description":"Fotodesign &amp; Webgestaltung","publisher":{"@id":"https:\/\/www.artecreativo.de\/wordpress\/#organization"},"potentialAction":[{"@type":"SearchAction","target":{"@type":"EntryPoint","urlTemplate":"https:\/\/www.artecreativo.de\/wordpress\/?s={search_term_string}"},"query-input":{"@type":"PropertyValueSpecification","valueRequired":true,"valueName":"search_term_string"}}],"inLanguage":"de"},{"@type":"Organization","@id":"https:\/\/www.artecreativo.de\/wordpress\/#organization","name":"Arte Creativo","url":"https:\/\/www.artecreativo.de\/wordpress\/","logo":{"@type":"ImageObject","inLanguage":"de","@id":"https:\/\/www.artecreativo.de\/wordpress\/#\/schema\/logo\/image\/","url":"https:\/\/www.artecreativo.de\/wordpress\/wp-content\/uploads\/2018\/08\/cropped-Logo-840px.png","contentUrl":"https:\/\/www.artecreativo.de\/wordpress\/wp-content\/uploads\/2018\/08\/cropped-Logo-840px.png","width":840,"height":151,"caption":"Arte Creativo"},"image":{"@id":"https:\/\/www.artecreativo.de\/wordpress\/#\/schema\/logo\/image\/"}},{"@type":"Person","@id":"https:\/\/www.artecreativo.de\/wordpress\/#\/schema\/person\/a139115e0f4ae77f19585328c6d76070","name":"AC-Team"}]}},"_links":{"self":[{"href":"https:\/\/www.artecreativo.de\/wordpress\/wp-json\/wp\/v2\/posts\/410","targetHints":{"allow":["GET"]}}],"collection":[{"href":"https:\/\/www.artecreativo.de\/wordpress\/wp-json\/wp\/v2\/posts"}],"about":[{"href":"https:\/\/www.artecreativo.de\/wordpress\/wp-json\/wp\/v2\/types\/post"}],"author":[{"embeddable":true,"href":"https:\/\/www.artecreativo.de\/wordpress\/wp-json\/wp\/v2\/users\/1"}],"replies":[{"embeddable":true,"href":"https:\/\/www.artecreativo.de\/wordpress\/wp-json\/wp\/v2\/comments?post=410"}],"version-history":[{"count":4,"href":"https:\/\/www.artecreativo.de\/wordpress\/wp-json\/wp\/v2\/posts\/410\/revisions"}],"predecessor-version":[{"id":1227,"href":"https:\/\/www.artecreativo.de\/wordpress\/wp-json\/wp\/v2\/posts\/410\/revisions\/1227"}],"wp:featuredmedia":[{"embeddable":true,"href":"https:\/\/www.artecreativo.de\/wordpress\/wp-json\/wp\/v2\/media\/429"}],"wp:attachment":[{"href":"https:\/\/www.artecreativo.de\/wordpress\/wp-json\/wp\/v2\/media?parent=410"}],"wp:term":[{"taxonomy":"category","embeddable":true,"href":"https:\/\/www.artecreativo.de\/wordpress\/wp-json\/wp\/v2\/categories?post=410"},{"taxonomy":"post_tag","embeddable":true,"href":"https:\/\/www.artecreativo.de\/wordpress\/wp-json\/wp\/v2\/tags?post=410"}],"curies":[{"name":"wp","href":"https:\/\/api.w.org\/{rel}","templated":true}]}}