{"id":751,"date":"2019-05-25T17:43:00","date_gmt":"2019-05-25T15:43:00","guid":{"rendered":"https:\/\/www.artecreativo.de\/wordpress\/?p=751"},"modified":"2025-05-04T20:31:03","modified_gmt":"2025-05-04T18:31:03","slug":"spiegellos-auf-schloss-benrath","status":"publish","type":"post","link":"https:\/\/www.artecreativo.de\/wordpress\/spiegellos-auf-schloss-benrath\/","title":{"rendered":"Spiegellos auf Schloss Benrath"},"content":{"rendered":"\n<figure class=\"wp-block-image size-large\"><img loading=\"lazy\" decoding=\"async\" width=\"1600\" height=\"770\" src=\"https:\/\/www.artecreativo.de\/wordpress\/wp-content\/uploads\/2020\/03\/Schloss-Benrath-01.jpg\" alt=\"\" class=\"wp-image-753\" srcset=\"https:\/\/www.artecreativo.de\/wordpress\/wp-content\/uploads\/2020\/03\/Schloss-Benrath-01.jpg 1600w, https:\/\/www.artecreativo.de\/wordpress\/wp-content\/uploads\/2020\/03\/Schloss-Benrath-01-300x144.jpg 300w, https:\/\/www.artecreativo.de\/wordpress\/wp-content\/uploads\/2020\/03\/Schloss-Benrath-01-768x370.jpg 768w, https:\/\/www.artecreativo.de\/wordpress\/wp-content\/uploads\/2020\/03\/Schloss-Benrath-01-1536x739.jpg 1536w, https:\/\/www.artecreativo.de\/wordpress\/wp-content\/uploads\/2020\/03\/Schloss-Benrath-01-840x404.jpg 840w, https:\/\/www.artecreativo.de\/wordpress\/wp-content\/uploads\/2020\/03\/Schloss-Benrath-01-600x289.jpg 600w\" sizes=\"auto, (max-width: 1600px) 100vw, 1600px\" \/><\/figure>\n\n\n\n<p>Im harten Foto-Alltag wird unser Equipment jeden Tag aufs Neue gefordert und selbst bei pfleglicher Behandlung, erleidet das eine oder andere Teil auch schon mal einen Totalschaden. Letzteres ist aber kein allzu gro\u00dfes Drama, bietet sich hier doch stets die Gelegenheit f\u00fcr die Anschaffung von neuem und modernem Equipment. <\/p>\n\n\n\n<p>In diesem Fall musste relativ zeitnah eine unserer Kameras\nersetzt werden und schnell war die Entscheidung gefallen, auch hier den Wechsel\nzu einer sogenannten \u201eSpiegellosen\u201c zu wagen. Die Technik der spiegellosen\nDigitalkameras steckt zwar hier und da noch in den Kinderschuhen, aber schon\nheute \u00fcberwiegen die Vorteile. <\/p>\n\n\n\n<p>Dazu z\u00e4hlen das geringe Gewicht der Geh\u00e4use (schleppt mal eine Kamera zw\u00f6lf Stunden durch die Gegend. Da freut man sich \u00fcber jedes gesparte Gramm!); die hohe Serienbildgeschwindigkeit; das durchweg gute Rauschverhalten auch bei hohen ISO-Werten; die M\u00f6glichkeit auch markenfremde Objektive zu adaptieren; der digitale Sucher, welcher selbst bei absolutem D\u00e4mmerlicht noch ein gescheites Vorschaubild liefert.<\/p>\n\n\n\n<p>Wir k\u00f6nnen aber schon jetzt &#8211; auch nach einer nur sehr\nkurzen Testphase \u2013 sagen, dass wir diese Anschaffung nicht bereut haben und\nabsolut jedem den Wechsel auf die sogenannten DSLM empfehlen k\u00f6nnen.<\/p>\n\n\n\n<p>Ach ja. Wir w\u00e4ren nicht Arte Creativo, wenn wir den allabendlichen Spaziergang nicht dazu genutzt h\u00e4tten, um ein paar \u201eTestfotos\u201c f\u00fcr Euch zu schie\u00dfen. Langer Rede, kurzer Sinn: hier kommt eine Handvoll Bildmaterial aus dem Garten von Schloss Benrath.<\/p>\n\n\n\n<p>Unser Tipp: Fahrt am besten im Fr\u00fchling dorthin und vergesst Eure Kamera nicht \ud83d\ude09<\/p>\n\n\n\n<figure class=\"wp-block-gallery columns-3 is-cropped wp-block-gallery-2 is-layout-flex wp-block-gallery-is-layout-flex\"><ul class=\"blocks-gallery-grid\"><li class=\"blocks-gallery-item\"><figure><a href=\"https:\/\/www.artecreativo.de\/wordpress\/wp-content\/uploads\/2020\/03\/Schloss-Benrath-01.jpg\"><img loading=\"lazy\" decoding=\"async\" width=\"1600\" height=\"770\" src=\"https:\/\/www.artecreativo.de\/wordpress\/wp-content\/uploads\/2020\/03\/Schloss-Benrath-01.jpg\" alt=\"\" data-id=\"753\" data-full-url=\"https:\/\/www.artecreativo.de\/wordpress\/wp-content\/uploads\/2020\/03\/Schloss-Benrath-01.jpg\" data-link=\"https:\/\/www.artecreativo.de\/wordpress\/?attachment_id=753\" class=\"wp-image-753\" srcset=\"https:\/\/www.artecreativo.de\/wordpress\/wp-content\/uploads\/2020\/03\/Schloss-Benrath-01.jpg 1600w, https:\/\/www.artecreativo.de\/wordpress\/wp-content\/uploads\/2020\/03\/Schloss-Benrath-01-300x144.jpg 300w, https:\/\/www.artecreativo.de\/wordpress\/wp-content\/uploads\/2020\/03\/Schloss-Benrath-01-768x370.jpg 768w, https:\/\/www.artecreativo.de\/wordpress\/wp-content\/uploads\/2020\/03\/Schloss-Benrath-01-1536x739.jpg 1536w, https:\/\/www.artecreativo.de\/wordpress\/wp-content\/uploads\/2020\/03\/Schloss-Benrath-01-840x404.jpg 840w, https:\/\/www.artecreativo.de\/wordpress\/wp-content\/uploads\/2020\/03\/Schloss-Benrath-01-600x289.jpg 600w\" sizes=\"auto, (max-width: 1600px) 100vw, 1600px\" \/><\/a><\/figure><\/li><li class=\"blocks-gallery-item\"><figure><a href=\"https:\/\/www.artecreativo.de\/wordpress\/wp-content\/uploads\/2020\/03\/Schloss-Benrath-06.jpg\"><img loading=\"lazy\" decoding=\"async\" width=\"1600\" height=\"746\" src=\"https:\/\/www.artecreativo.de\/wordpress\/wp-content\/uploads\/2020\/03\/Schloss-Benrath-06.jpg\" alt=\"\" data-id=\"758\" data-full-url=\"https:\/\/www.artecreativo.de\/wordpress\/wp-content\/uploads\/2020\/03\/Schloss-Benrath-06.jpg\" data-link=\"https:\/\/www.artecreativo.de\/wordpress\/?attachment_id=758\" class=\"wp-image-758\" srcset=\"https:\/\/www.artecreativo.de\/wordpress\/wp-content\/uploads\/2020\/03\/Schloss-Benrath-06.jpg 1600w, https:\/\/www.artecreativo.de\/wordpress\/wp-content\/uploads\/2020\/03\/Schloss-Benrath-06-300x140.jpg 300w, https:\/\/www.artecreativo.de\/wordpress\/wp-content\/uploads\/2020\/03\/Schloss-Benrath-06-768x358.jpg 768w, https:\/\/www.artecreativo.de\/wordpress\/wp-content\/uploads\/2020\/03\/Schloss-Benrath-06-1536x716.jpg 1536w, https:\/\/www.artecreativo.de\/wordpress\/wp-content\/uploads\/2020\/03\/Schloss-Benrath-06-840x392.jpg 840w, https:\/\/www.artecreativo.de\/wordpress\/wp-content\/uploads\/2020\/03\/Schloss-Benrath-06-600x280.jpg 600w\" sizes=\"auto, (max-width: 1600px) 100vw, 1600px\" \/><\/a><\/figure><\/li><li class=\"blocks-gallery-item\"><figure><a href=\"https:\/\/www.artecreativo.de\/wordpress\/wp-content\/uploads\/2020\/03\/Schloss-Benrath-03.jpg\"><img loading=\"lazy\" decoding=\"async\" width=\"1600\" height=\"909\" src=\"https:\/\/www.artecreativo.de\/wordpress\/wp-content\/uploads\/2020\/03\/Schloss-Benrath-03.jpg\" alt=\"\" data-id=\"755\" data-full-url=\"https:\/\/www.artecreativo.de\/wordpress\/wp-content\/uploads\/2020\/03\/Schloss-Benrath-03.jpg\" data-link=\"https:\/\/www.artecreativo.de\/wordpress\/?attachment_id=755\" class=\"wp-image-755\" srcset=\"https:\/\/www.artecreativo.de\/wordpress\/wp-content\/uploads\/2020\/03\/Schloss-Benrath-03.jpg 1600w, https:\/\/www.artecreativo.de\/wordpress\/wp-content\/uploads\/2020\/03\/Schloss-Benrath-03-300x170.jpg 300w, https:\/\/www.artecreativo.de\/wordpress\/wp-content\/uploads\/2020\/03\/Schloss-Benrath-03-768x436.jpg 768w, https:\/\/www.artecreativo.de\/wordpress\/wp-content\/uploads\/2020\/03\/Schloss-Benrath-03-1536x873.jpg 1536w, https:\/\/www.artecreativo.de\/wordpress\/wp-content\/uploads\/2020\/03\/Schloss-Benrath-03-840x477.jpg 840w, https:\/\/www.artecreativo.de\/wordpress\/wp-content\/uploads\/2020\/03\/Schloss-Benrath-03-600x341.jpg 600w\" sizes=\"auto, (max-width: 1600px) 100vw, 1600px\" \/><\/a><\/figure><\/li><li class=\"blocks-gallery-item\"><figure><a href=\"https:\/\/www.artecreativo.de\/wordpress\/wp-content\/uploads\/2020\/03\/Schloss-Benrath-02.jpg\"><img loading=\"lazy\" decoding=\"async\" width=\"1600\" height=\"802\" src=\"https:\/\/www.artecreativo.de\/wordpress\/wp-content\/uploads\/2020\/03\/Schloss-Benrath-02.jpg\" alt=\"\" data-id=\"754\" data-full-url=\"https:\/\/www.artecreativo.de\/wordpress\/wp-content\/uploads\/2020\/03\/Schloss-Benrath-02.jpg\" data-link=\"https:\/\/www.artecreativo.de\/wordpress\/?attachment_id=754\" class=\"wp-image-754\" srcset=\"https:\/\/www.artecreativo.de\/wordpress\/wp-content\/uploads\/2020\/03\/Schloss-Benrath-02.jpg 1600w, https:\/\/www.artecreativo.de\/wordpress\/wp-content\/uploads\/2020\/03\/Schloss-Benrath-02-300x150.jpg 300w, https:\/\/www.artecreativo.de\/wordpress\/wp-content\/uploads\/2020\/03\/Schloss-Benrath-02-768x385.jpg 768w, https:\/\/www.artecreativo.de\/wordpress\/wp-content\/uploads\/2020\/03\/Schloss-Benrath-02-1536x770.jpg 1536w, https:\/\/www.artecreativo.de\/wordpress\/wp-content\/uploads\/2020\/03\/Schloss-Benrath-02-840x421.jpg 840w, https:\/\/www.artecreativo.de\/wordpress\/wp-content\/uploads\/2020\/03\/Schloss-Benrath-02-600x301.jpg 600w\" sizes=\"auto, (max-width: 1600px) 100vw, 1600px\" \/><\/a><\/figure><\/li><li class=\"blocks-gallery-item\"><figure><a href=\"https:\/\/www.artecreativo.de\/wordpress\/wp-content\/uploads\/2020\/03\/Schloss-Benrath-04.jpg\"><img loading=\"lazy\" decoding=\"async\" width=\"1600\" height=\"949\" src=\"https:\/\/www.artecreativo.de\/wordpress\/wp-content\/uploads\/2020\/03\/Schloss-Benrath-04.jpg\" alt=\"\" data-id=\"756\" data-full-url=\"https:\/\/www.artecreativo.de\/wordpress\/wp-content\/uploads\/2020\/03\/Schloss-Benrath-04.jpg\" data-link=\"https:\/\/www.artecreativo.de\/wordpress\/?attachment_id=756\" class=\"wp-image-756\" srcset=\"https:\/\/www.artecreativo.de\/wordpress\/wp-content\/uploads\/2020\/03\/Schloss-Benrath-04.jpg 1600w, https:\/\/www.artecreativo.de\/wordpress\/wp-content\/uploads\/2020\/03\/Schloss-Benrath-04-300x178.jpg 300w, https:\/\/www.artecreativo.de\/wordpress\/wp-content\/uploads\/2020\/03\/Schloss-Benrath-04-768x456.jpg 768w, https:\/\/www.artecreativo.de\/wordpress\/wp-content\/uploads\/2020\/03\/Schloss-Benrath-04-1536x911.jpg 1536w, https:\/\/www.artecreativo.de\/wordpress\/wp-content\/uploads\/2020\/03\/Schloss-Benrath-04-840x498.jpg 840w, https:\/\/www.artecreativo.de\/wordpress\/wp-content\/uploads\/2020\/03\/Schloss-Benrath-04-600x356.jpg 600w\" sizes=\"auto, (max-width: 1600px) 100vw, 1600px\" \/><\/a><\/figure><\/li><li class=\"blocks-gallery-item\"><figure><a href=\"https:\/\/www.artecreativo.de\/wordpress\/wp-content\/uploads\/2020\/03\/Schloss-Benrath-05.jpg\"><img loading=\"lazy\" decoding=\"async\" width=\"1067\" height=\"1600\" src=\"https:\/\/www.artecreativo.de\/wordpress\/wp-content\/uploads\/2020\/03\/Schloss-Benrath-05.jpg\" alt=\"\" data-id=\"757\" data-full-url=\"https:\/\/www.artecreativo.de\/wordpress\/wp-content\/uploads\/2020\/03\/Schloss-Benrath-05.jpg\" data-link=\"https:\/\/www.artecreativo.de\/wordpress\/?attachment_id=757\" class=\"wp-image-757\" srcset=\"https:\/\/www.artecreativo.de\/wordpress\/wp-content\/uploads\/2020\/03\/Schloss-Benrath-05.jpg 1067w, https:\/\/www.artecreativo.de\/wordpress\/wp-content\/uploads\/2020\/03\/Schloss-Benrath-05-200x300.jpg 200w, https:\/\/www.artecreativo.de\/wordpress\/wp-content\/uploads\/2020\/03\/Schloss-Benrath-05-768x1152.jpg 768w, https:\/\/www.artecreativo.de\/wordpress\/wp-content\/uploads\/2020\/03\/Schloss-Benrath-05-1024x1536.jpg 1024w, https:\/\/www.artecreativo.de\/wordpress\/wp-content\/uploads\/2020\/03\/Schloss-Benrath-05-350x525.jpg 350w, https:\/\/www.artecreativo.de\/wordpress\/wp-content\/uploads\/2020\/03\/Schloss-Benrath-05-250x375.jpg 250w\" sizes=\"auto, (max-width: 1067px) 100vw, 1067px\" \/><\/a><\/figure><\/li><li class=\"blocks-gallery-item\"><figure><a href=\"https:\/\/www.artecreativo.de\/wordpress\/wp-content\/uploads\/2020\/03\/Schloss-Benrath-07.jpg\"><img loading=\"lazy\" decoding=\"async\" width=\"1600\" height=\"802\" src=\"https:\/\/www.artecreativo.de\/wordpress\/wp-content\/uploads\/2020\/03\/Schloss-Benrath-07.jpg\" alt=\"\" data-id=\"759\" data-full-url=\"https:\/\/www.artecreativo.de\/wordpress\/wp-content\/uploads\/2020\/03\/Schloss-Benrath-07.jpg\" data-link=\"https:\/\/www.artecreativo.de\/wordpress\/?attachment_id=759\" class=\"wp-image-759\" srcset=\"https:\/\/www.artecreativo.de\/wordpress\/wp-content\/uploads\/2020\/03\/Schloss-Benrath-07.jpg 1600w, https:\/\/www.artecreativo.de\/wordpress\/wp-content\/uploads\/2020\/03\/Schloss-Benrath-07-300x150.jpg 300w, https:\/\/www.artecreativo.de\/wordpress\/wp-content\/uploads\/2020\/03\/Schloss-Benrath-07-768x385.jpg 768w, https:\/\/www.artecreativo.de\/wordpress\/wp-content\/uploads\/2020\/03\/Schloss-Benrath-07-1536x770.jpg 1536w, https:\/\/www.artecreativo.de\/wordpress\/wp-content\/uploads\/2020\/03\/Schloss-Benrath-07-840x421.jpg 840w, https:\/\/www.artecreativo.de\/wordpress\/wp-content\/uploads\/2020\/03\/Schloss-Benrath-07-600x301.jpg 600w\" sizes=\"auto, (max-width: 1600px) 100vw, 1600px\" \/><\/a><\/figure><\/li><li class=\"blocks-gallery-item\"><figure><a href=\"https:\/\/www.artecreativo.de\/wordpress\/wp-content\/uploads\/2020\/03\/Schloss-Benrath-08.jpg\"><img loading=\"lazy\" decoding=\"async\" width=\"1600\" height=\"939\" src=\"https:\/\/www.artecreativo.de\/wordpress\/wp-content\/uploads\/2020\/03\/Schloss-Benrath-08.jpg\" alt=\"\" data-id=\"760\" data-full-url=\"https:\/\/www.artecreativo.de\/wordpress\/wp-content\/uploads\/2020\/03\/Schloss-Benrath-08.jpg\" data-link=\"https:\/\/www.artecreativo.de\/wordpress\/?attachment_id=760\" class=\"wp-image-760\" srcset=\"https:\/\/www.artecreativo.de\/wordpress\/wp-content\/uploads\/2020\/03\/Schloss-Benrath-08.jpg 1600w, https:\/\/www.artecreativo.de\/wordpress\/wp-content\/uploads\/2020\/03\/Schloss-Benrath-08-300x176.jpg 300w, https:\/\/www.artecreativo.de\/wordpress\/wp-content\/uploads\/2020\/03\/Schloss-Benrath-08-768x451.jpg 768w, https:\/\/www.artecreativo.de\/wordpress\/wp-content\/uploads\/2020\/03\/Schloss-Benrath-08-1536x901.jpg 1536w, https:\/\/www.artecreativo.de\/wordpress\/wp-content\/uploads\/2020\/03\/Schloss-Benrath-08-840x493.jpg 840w, https:\/\/www.artecreativo.de\/wordpress\/wp-content\/uploads\/2020\/03\/Schloss-Benrath-08-600x352.jpg 600w\" sizes=\"auto, (max-width: 1600px) 100vw, 1600px\" \/><\/a><\/figure><\/li><\/ul><\/figure>\n\n\n\n<p>[1] <a href=\"https:\/\/www.schloss-benrath.de\" target=\"_blank\" rel=\"noreferrer noopener\" aria-label=\"Stiftung &amp; Schloss Benrath (opens in a new tab)\">Stiftung &amp; Schloss Benrath<\/a><\/p>\n\n\n","protected":false},"excerpt":{"rendered":"<p>Im harten Foto-Alltag wird unser Equipment jeden Tag aufs Neue gefordert und selbst bei pfleglicher Behandlung, erleidet das eine oder andere Teil auch schon mal einen Totalschaden. Letzteres ist aber kein allzu gro\u00dfes Drama, bietet sich hier doch stets die Gelegenheit f\u00fcr die Anschaffung von neuem und modernem Equipment. In &hellip;<\/p>\n","protected":false},"author":1,"featured_media":753,"comment_status":"open","ping_status":"open","sticky":false,"template":"","format":"standard","meta":{"footnotes":""},"categories":[48],"tags":[93,89,46,94,96,92,95,88,91,90],"class_list":["post-751","post","type-post","status-publish","format-standard","has-post-thumbnail","hentry","category-blog-gefluester","tag-canon","tag-dslm","tag-duesseldorf","tag-feder","tag-natur","tag-park","tag-profanbauten","tag-schloss-benrath","tag-schlossgarten","tag-spiegellos"],"yoast_head":"<!-- This site is optimized with the Yoast SEO plugin v27.4 - https:\/\/yoast.com\/product\/yoast-seo-wordpress\/ -->\n<title>Spiegellos auf Schloss Benrath - Arte Creativo<\/title>\n<meta name=\"description\" content=\"Spiegellos auf Schloss Benrath - Blog-Gefl\u00fcster - Arte Creativo - Fotografie - Werbung - Web-Design - Fotodesign - Webgestaltung - Events - Kunst - Design\" \/>\n<meta name=\"robots\" content=\"index, follow, max-snippet:-1, max-image-preview:large, max-video-preview:-1\" \/>\n<link rel=\"canonical\" href=\"https:\/\/www.artecreativo.de\/wordpress\/spiegellos-auf-schloss-benrath\/\" \/>\n<meta property=\"og:locale\" content=\"de_DE\" \/>\n<meta property=\"og:type\" content=\"article\" \/>\n<meta property=\"og:title\" content=\"Spiegellos auf Schloss Benrath - Arte Creativo\" \/>\n<meta property=\"og:description\" content=\"Spiegellos auf Schloss Benrath - Blog-Gefl\u00fcster - Arte Creativo - Fotografie - Werbung - Web-Design - Fotodesign - Webgestaltung - Events - Kunst - Design\" \/>\n<meta property=\"og:url\" content=\"https:\/\/www.artecreativo.de\/wordpress\/spiegellos-auf-schloss-benrath\/\" \/>\n<meta property=\"og:site_name\" content=\"Arte Creativo\" \/>\n<meta property=\"article:published_time\" content=\"2019-05-25T15:43:00+00:00\" \/>\n<meta property=\"article:modified_time\" content=\"2025-05-04T18:31:03+00:00\" \/>\n<meta property=\"og:image\" content=\"https:\/\/www.artecreativo.de\/wordpress\/wp-content\/uploads\/2020\/03\/Schloss-Benrath-01.jpg\" \/>\n\t<meta property=\"og:image:width\" content=\"1600\" \/>\n\t<meta property=\"og:image:height\" content=\"770\" \/>\n\t<meta property=\"og:image:type\" content=\"image\/jpeg\" \/>\n<meta name=\"author\" content=\"AC-Team\" \/>\n<meta name=\"twitter:card\" content=\"summary_large_image\" \/>\n<meta name=\"twitter:label1\" content=\"Verfasst von\" \/>\n\t<meta name=\"twitter:data1\" content=\"AC-Team\" \/>\n\t<meta name=\"twitter:label2\" content=\"Gesch\u00e4tzte Lesezeit\" \/>\n\t<meta name=\"twitter:data2\" content=\"1\u00a0Minute\" \/>\n<script type=\"application\/ld+json\" class=\"yoast-schema-graph\">{\"@context\":\"https:\\\/\\\/schema.org\",\"@graph\":[{\"@type\":\"Article\",\"@id\":\"https:\\\/\\\/www.artecreativo.de\\\/wordpress\\\/spiegellos-auf-schloss-benrath\\\/#article\",\"isPartOf\":{\"@id\":\"https:\\\/\\\/www.artecreativo.de\\\/wordpress\\\/spiegellos-auf-schloss-benrath\\\/\"},\"author\":{\"name\":\"AC-Team\",\"@id\":\"https:\\\/\\\/www.artecreativo.de\\\/wordpress\\\/#\\\/schema\\\/person\\\/a139115e0f4ae77f19585328c6d76070\"},\"headline\":\"Spiegellos auf Schloss Benrath\",\"datePublished\":\"2019-05-25T15:43:00+00:00\",\"dateModified\":\"2025-05-04T18:31:03+00:00\",\"mainEntityOfPage\":{\"@id\":\"https:\\\/\\\/www.artecreativo.de\\\/wordpress\\\/spiegellos-auf-schloss-benrath\\\/\"},\"wordCount\":258,\"commentCount\":0,\"publisher\":{\"@id\":\"https:\\\/\\\/www.artecreativo.de\\\/wordpress\\\/#organization\"},\"image\":{\"@id\":\"https:\\\/\\\/www.artecreativo.de\\\/wordpress\\\/spiegellos-auf-schloss-benrath\\\/#primaryimage\"},\"thumbnailUrl\":\"https:\\\/\\\/www.artecreativo.de\\\/wordpress\\\/wp-content\\\/uploads\\\/2020\\\/03\\\/Schloss-Benrath-01.jpg\",\"keywords\":[\"Canon\",\"DSLM\",\"D\u00fcsseldorf\",\"Feder\",\"Natur\",\"Park\",\"Profanbauten\",\"Schloss Benrath\",\"Schlossgarten\",\"Spiegellos\"],\"articleSection\":[\"Blog-Gefl\u00fcster\"],\"inLanguage\":\"de\",\"potentialAction\":[{\"@type\":\"CommentAction\",\"name\":\"Comment\",\"target\":[\"https:\\\/\\\/www.artecreativo.de\\\/wordpress\\\/spiegellos-auf-schloss-benrath\\\/#respond\"]}]},{\"@type\":\"WebPage\",\"@id\":\"https:\\\/\\\/www.artecreativo.de\\\/wordpress\\\/spiegellos-auf-schloss-benrath\\\/\",\"url\":\"https:\\\/\\\/www.artecreativo.de\\\/wordpress\\\/spiegellos-auf-schloss-benrath\\\/\",\"name\":\"Spiegellos auf Schloss Benrath - Arte Creativo\",\"isPartOf\":{\"@id\":\"https:\\\/\\\/www.artecreativo.de\\\/wordpress\\\/#website\"},\"primaryImageOfPage\":{\"@id\":\"https:\\\/\\\/www.artecreativo.de\\\/wordpress\\\/spiegellos-auf-schloss-benrath\\\/#primaryimage\"},\"image\":{\"@id\":\"https:\\\/\\\/www.artecreativo.de\\\/wordpress\\\/spiegellos-auf-schloss-benrath\\\/#primaryimage\"},\"thumbnailUrl\":\"https:\\\/\\\/www.artecreativo.de\\\/wordpress\\\/wp-content\\\/uploads\\\/2020\\\/03\\\/Schloss-Benrath-01.jpg\",\"datePublished\":\"2019-05-25T15:43:00+00:00\",\"dateModified\":\"2025-05-04T18:31:03+00:00\",\"description\":\"Spiegellos auf Schloss Benrath - Blog-Gefl\u00fcster - Arte Creativo - Fotografie - Werbung - Web-Design - Fotodesign - Webgestaltung - Events - Kunst - Design\",\"breadcrumb\":{\"@id\":\"https:\\\/\\\/www.artecreativo.de\\\/wordpress\\\/spiegellos-auf-schloss-benrath\\\/#breadcrumb\"},\"inLanguage\":\"de\",\"potentialAction\":[{\"@type\":\"ReadAction\",\"target\":[\"https:\\\/\\\/www.artecreativo.de\\\/wordpress\\\/spiegellos-auf-schloss-benrath\\\/\"]}]},{\"@type\":\"ImageObject\",\"inLanguage\":\"de\",\"@id\":\"https:\\\/\\\/www.artecreativo.de\\\/wordpress\\\/spiegellos-auf-schloss-benrath\\\/#primaryimage\",\"url\":\"https:\\\/\\\/www.artecreativo.de\\\/wordpress\\\/wp-content\\\/uploads\\\/2020\\\/03\\\/Schloss-Benrath-01.jpg\",\"contentUrl\":\"https:\\\/\\\/www.artecreativo.de\\\/wordpress\\\/wp-content\\\/uploads\\\/2020\\\/03\\\/Schloss-Benrath-01.jpg\",\"width\":1600,\"height\":770},{\"@type\":\"BreadcrumbList\",\"@id\":\"https:\\\/\\\/www.artecreativo.de\\\/wordpress\\\/spiegellos-auf-schloss-benrath\\\/#breadcrumb\",\"itemListElement\":[{\"@type\":\"ListItem\",\"position\":1,\"name\":\"Startseite\",\"item\":\"https:\\\/\\\/www.artecreativo.de\\\/wordpress\\\/\"},{\"@type\":\"ListItem\",\"position\":2,\"name\":\"Spiegellos auf Schloss Benrath\"}]},{\"@type\":\"WebSite\",\"@id\":\"https:\\\/\\\/www.artecreativo.de\\\/wordpress\\\/#website\",\"url\":\"https:\\\/\\\/www.artecreativo.de\\\/wordpress\\\/\",\"name\":\"Arte Creativo\",\"description\":\"Fotodesign &amp; Webgestaltung\",\"publisher\":{\"@id\":\"https:\\\/\\\/www.artecreativo.de\\\/wordpress\\\/#organization\"},\"potentialAction\":[{\"@type\":\"SearchAction\",\"target\":{\"@type\":\"EntryPoint\",\"urlTemplate\":\"https:\\\/\\\/www.artecreativo.de\\\/wordpress\\\/?s={search_term_string}\"},\"query-input\":{\"@type\":\"PropertyValueSpecification\",\"valueRequired\":true,\"valueName\":\"search_term_string\"}}],\"inLanguage\":\"de\"},{\"@type\":\"Organization\",\"@id\":\"https:\\\/\\\/www.artecreativo.de\\\/wordpress\\\/#organization\",\"name\":\"Arte Creativo\",\"url\":\"https:\\\/\\\/www.artecreativo.de\\\/wordpress\\\/\",\"logo\":{\"@type\":\"ImageObject\",\"inLanguage\":\"de\",\"@id\":\"https:\\\/\\\/www.artecreativo.de\\\/wordpress\\\/#\\\/schema\\\/logo\\\/image\\\/\",\"url\":\"https:\\\/\\\/www.artecreativo.de\\\/wordpress\\\/wp-content\\\/uploads\\\/2018\\\/08\\\/cropped-Logo-840px.png\",\"contentUrl\":\"https:\\\/\\\/www.artecreativo.de\\\/wordpress\\\/wp-content\\\/uploads\\\/2018\\\/08\\\/cropped-Logo-840px.png\",\"width\":840,\"height\":151,\"caption\":\"Arte Creativo\"},\"image\":{\"@id\":\"https:\\\/\\\/www.artecreativo.de\\\/wordpress\\\/#\\\/schema\\\/logo\\\/image\\\/\"}},{\"@type\":\"Person\",\"@id\":\"https:\\\/\\\/www.artecreativo.de\\\/wordpress\\\/#\\\/schema\\\/person\\\/a139115e0f4ae77f19585328c6d76070\",\"name\":\"AC-Team\"}]}<\/script>\n<!-- \/ Yoast SEO plugin. -->","yoast_head_json":{"title":"Spiegellos auf Schloss Benrath - Arte Creativo","description":"Spiegellos auf Schloss Benrath - Blog-Gefl\u00fcster - Arte Creativo - Fotografie - Werbung - Web-Design - Fotodesign - Webgestaltung - Events - Kunst - Design","robots":{"index":"index","follow":"follow","max-snippet":"max-snippet:-1","max-image-preview":"max-image-preview:large","max-video-preview":"max-video-preview:-1"},"canonical":"https:\/\/www.artecreativo.de\/wordpress\/spiegellos-auf-schloss-benrath\/","og_locale":"de_DE","og_type":"article","og_title":"Spiegellos auf Schloss Benrath - Arte Creativo","og_description":"Spiegellos auf Schloss Benrath - Blog-Gefl\u00fcster - Arte Creativo - Fotografie - Werbung - Web-Design - Fotodesign - Webgestaltung - Events - Kunst - Design","og_url":"https:\/\/www.artecreativo.de\/wordpress\/spiegellos-auf-schloss-benrath\/","og_site_name":"Arte Creativo","article_published_time":"2019-05-25T15:43:00+00:00","article_modified_time":"2025-05-04T18:31:03+00:00","og_image":[{"width":1600,"height":770,"url":"https:\/\/www.artecreativo.de\/wordpress\/wp-content\/uploads\/2020\/03\/Schloss-Benrath-01.jpg","type":"image\/jpeg"}],"author":"AC-Team","twitter_card":"summary_large_image","twitter_misc":{"Verfasst von":"AC-Team","Gesch\u00e4tzte Lesezeit":"1\u00a0Minute"},"schema":{"@context":"https:\/\/schema.org","@graph":[{"@type":"Article","@id":"https:\/\/www.artecreativo.de\/wordpress\/spiegellos-auf-schloss-benrath\/#article","isPartOf":{"@id":"https:\/\/www.artecreativo.de\/wordpress\/spiegellos-auf-schloss-benrath\/"},"author":{"name":"AC-Team","@id":"https:\/\/www.artecreativo.de\/wordpress\/#\/schema\/person\/a139115e0f4ae77f19585328c6d76070"},"headline":"Spiegellos auf Schloss Benrath","datePublished":"2019-05-25T15:43:00+00:00","dateModified":"2025-05-04T18:31:03+00:00","mainEntityOfPage":{"@id":"https:\/\/www.artecreativo.de\/wordpress\/spiegellos-auf-schloss-benrath\/"},"wordCount":258,"commentCount":0,"publisher":{"@id":"https:\/\/www.artecreativo.de\/wordpress\/#organization"},"image":{"@id":"https:\/\/www.artecreativo.de\/wordpress\/spiegellos-auf-schloss-benrath\/#primaryimage"},"thumbnailUrl":"https:\/\/www.artecreativo.de\/wordpress\/wp-content\/uploads\/2020\/03\/Schloss-Benrath-01.jpg","keywords":["Canon","DSLM","D\u00fcsseldorf","Feder","Natur","Park","Profanbauten","Schloss Benrath","Schlossgarten","Spiegellos"],"articleSection":["Blog-Gefl\u00fcster"],"inLanguage":"de","potentialAction":[{"@type":"CommentAction","name":"Comment","target":["https:\/\/www.artecreativo.de\/wordpress\/spiegellos-auf-schloss-benrath\/#respond"]}]},{"@type":"WebPage","@id":"https:\/\/www.artecreativo.de\/wordpress\/spiegellos-auf-schloss-benrath\/","url":"https:\/\/www.artecreativo.de\/wordpress\/spiegellos-auf-schloss-benrath\/","name":"Spiegellos auf Schloss Benrath - Arte Creativo","isPartOf":{"@id":"https:\/\/www.artecreativo.de\/wordpress\/#website"},"primaryImageOfPage":{"@id":"https:\/\/www.artecreativo.de\/wordpress\/spiegellos-auf-schloss-benrath\/#primaryimage"},"image":{"@id":"https:\/\/www.artecreativo.de\/wordpress\/spiegellos-auf-schloss-benrath\/#primaryimage"},"thumbnailUrl":"https:\/\/www.artecreativo.de\/wordpress\/wp-content\/uploads\/2020\/03\/Schloss-Benrath-01.jpg","datePublished":"2019-05-25T15:43:00+00:00","dateModified":"2025-05-04T18:31:03+00:00","description":"Spiegellos auf Schloss Benrath - Blog-Gefl\u00fcster - Arte Creativo - Fotografie - Werbung - Web-Design - Fotodesign - Webgestaltung - Events - Kunst - Design","breadcrumb":{"@id":"https:\/\/www.artecreativo.de\/wordpress\/spiegellos-auf-schloss-benrath\/#breadcrumb"},"inLanguage":"de","potentialAction":[{"@type":"ReadAction","target":["https:\/\/www.artecreativo.de\/wordpress\/spiegellos-auf-schloss-benrath\/"]}]},{"@type":"ImageObject","inLanguage":"de","@id":"https:\/\/www.artecreativo.de\/wordpress\/spiegellos-auf-schloss-benrath\/#primaryimage","url":"https:\/\/www.artecreativo.de\/wordpress\/wp-content\/uploads\/2020\/03\/Schloss-Benrath-01.jpg","contentUrl":"https:\/\/www.artecreativo.de\/wordpress\/wp-content\/uploads\/2020\/03\/Schloss-Benrath-01.jpg","width":1600,"height":770},{"@type":"BreadcrumbList","@id":"https:\/\/www.artecreativo.de\/wordpress\/spiegellos-auf-schloss-benrath\/#breadcrumb","itemListElement":[{"@type":"ListItem","position":1,"name":"Startseite","item":"https:\/\/www.artecreativo.de\/wordpress\/"},{"@type":"ListItem","position":2,"name":"Spiegellos auf Schloss Benrath"}]},{"@type":"WebSite","@id":"https:\/\/www.artecreativo.de\/wordpress\/#website","url":"https:\/\/www.artecreativo.de\/wordpress\/","name":"Arte Creativo","description":"Fotodesign &amp; Webgestaltung","publisher":{"@id":"https:\/\/www.artecreativo.de\/wordpress\/#organization"},"potentialAction":[{"@type":"SearchAction","target":{"@type":"EntryPoint","urlTemplate":"https:\/\/www.artecreativo.de\/wordpress\/?s={search_term_string}"},"query-input":{"@type":"PropertyValueSpecification","valueRequired":true,"valueName":"search_term_string"}}],"inLanguage":"de"},{"@type":"Organization","@id":"https:\/\/www.artecreativo.de\/wordpress\/#organization","name":"Arte Creativo","url":"https:\/\/www.artecreativo.de\/wordpress\/","logo":{"@type":"ImageObject","inLanguage":"de","@id":"https:\/\/www.artecreativo.de\/wordpress\/#\/schema\/logo\/image\/","url":"https:\/\/www.artecreativo.de\/wordpress\/wp-content\/uploads\/2018\/08\/cropped-Logo-840px.png","contentUrl":"https:\/\/www.artecreativo.de\/wordpress\/wp-content\/uploads\/2018\/08\/cropped-Logo-840px.png","width":840,"height":151,"caption":"Arte Creativo"},"image":{"@id":"https:\/\/www.artecreativo.de\/wordpress\/#\/schema\/logo\/image\/"}},{"@type":"Person","@id":"https:\/\/www.artecreativo.de\/wordpress\/#\/schema\/person\/a139115e0f4ae77f19585328c6d76070","name":"AC-Team"}]}},"_links":{"self":[{"href":"https:\/\/www.artecreativo.de\/wordpress\/wp-json\/wp\/v2\/posts\/751","targetHints":{"allow":["GET"]}}],"collection":[{"href":"https:\/\/www.artecreativo.de\/wordpress\/wp-json\/wp\/v2\/posts"}],"about":[{"href":"https:\/\/www.artecreativo.de\/wordpress\/wp-json\/wp\/v2\/types\/post"}],"author":[{"embeddable":true,"href":"https:\/\/www.artecreativo.de\/wordpress\/wp-json\/wp\/v2\/users\/1"}],"replies":[{"embeddable":true,"href":"https:\/\/www.artecreativo.de\/wordpress\/wp-json\/wp\/v2\/comments?post=751"}],"version-history":[{"count":9,"href":"https:\/\/www.artecreativo.de\/wordpress\/wp-json\/wp\/v2\/posts\/751\/revisions"}],"predecessor-version":[{"id":1225,"href":"https:\/\/www.artecreativo.de\/wordpress\/wp-json\/wp\/v2\/posts\/751\/revisions\/1225"}],"wp:featuredmedia":[{"embeddable":true,"href":"https:\/\/www.artecreativo.de\/wordpress\/wp-json\/wp\/v2\/media\/753"}],"wp:attachment":[{"href":"https:\/\/www.artecreativo.de\/wordpress\/wp-json\/wp\/v2\/media?parent=751"}],"wp:term":[{"taxonomy":"category","embeddable":true,"href":"https:\/\/www.artecreativo.de\/wordpress\/wp-json\/wp\/v2\/categories?post=751"},{"taxonomy":"post_tag","embeddable":true,"href":"https:\/\/www.artecreativo.de\/wordpress\/wp-json\/wp\/v2\/tags?post=751"}],"curies":[{"name":"wp","href":"https:\/\/api.w.org\/{rel}","templated":true}]}}