{"id":844,"date":"2022-01-17T20:58:40","date_gmt":"2022-01-17T19:58:40","guid":{"rendered":"https:\/\/www.artecreativo.de\/wordpress\/?p=844"},"modified":"2025-05-04T20:30:42","modified_gmt":"2025-05-04T18:30:42","slug":"fesseltrick","status":"publish","type":"post","link":"https:\/\/www.artecreativo.de\/wordpress\/fesseltrick\/","title":{"rendered":"Fesseltrick"},"content":{"rendered":"\n<figure class=\"wp-block-image size-full\"><a href=\"https:\/\/www.artecreativo.de\/wordpress\/wp-content\/uploads\/2022\/01\/Klaus_Stickelbroeck_01.jpg\"><img loading=\"lazy\" decoding=\"async\" width=\"1600\" height=\"1067\" src=\"https:\/\/www.artecreativo.de\/wordpress\/wp-content\/uploads\/2022\/01\/Klaus_Stickelbroeck_01.jpg\" alt=\"\" class=\"wp-image-846\" srcset=\"https:\/\/www.artecreativo.de\/wordpress\/wp-content\/uploads\/2022\/01\/Klaus_Stickelbroeck_01.jpg 1600w, https:\/\/www.artecreativo.de\/wordpress\/wp-content\/uploads\/2022\/01\/Klaus_Stickelbroeck_01-300x200.jpg 300w, https:\/\/www.artecreativo.de\/wordpress\/wp-content\/uploads\/2022\/01\/Klaus_Stickelbroeck_01-768x512.jpg 768w, https:\/\/www.artecreativo.de\/wordpress\/wp-content\/uploads\/2022\/01\/Klaus_Stickelbroeck_01-1536x1024.jpg 1536w, https:\/\/www.artecreativo.de\/wordpress\/wp-content\/uploads\/2022\/01\/Klaus_Stickelbroeck_01-787x525.jpg 787w, https:\/\/www.artecreativo.de\/wordpress\/wp-content\/uploads\/2022\/01\/Klaus_Stickelbroeck_01-120x80.jpg 120w, https:\/\/www.artecreativo.de\/wordpress\/wp-content\/uploads\/2022\/01\/Klaus_Stickelbroeck_01-562x375.jpg 562w\" sizes=\"auto, (max-width: 1600px) 100vw, 1600px\" \/><\/a><\/figure>\n\n\n\n<p>Vor ein paar Tagen hatten wir das gro\u00dfe Vergn\u00fcgen einer Lesung von Klaus Stickelbroeck lauschen zu d\u00fcrfen. In der Benrather Buchhandlung Dietsch hat er unter anderem Kostproben aus seinem aktuellen Buch &#8222;Fesseltrick&#8220; zum Besten gegeben.<\/p>\n\n\n\n<!--more-->\n\n\n\n<p>Doch wer jetzt meint der gute Herr Kommissar (ja, der Klaus ist im wahren Leben wirklich Polizist) h\u00e4tte nur Krimi drauf, der irrt ganz gewaltig. <\/p>\n\n\n\n<p>Gedichte, Poesie und selbst der gute Herr Ribbeck auf Ribbeck von Havelland &#8211; der Kenner wei\u00df, dass wir hier \u00fcber Fontane reden &#8211; stellen unseren Klaus vor keinerlei Probleme. Ganz im Gegenteil: Texte vortragen kann er wie kein Zweiter.<\/p>\n\n\n\n<p>Dar\u00fcber hinaus besa\u00df der Autor auch noch einen sehr guten Draht zur Besitzerin der Buchhandlung und so war es uns m\u00f6glich &#8211; obwohl dort w\u00e4hrend der Lesungen eigentlich ein absolutes Fotografier-Verbot herrscht &#8211; das eine oder andere Motiv auf die Speicherkarte zu bannen. Manchmal geht halt nichts \u00fcber einen guten Schuss Vitamin B \ud83d\ude09<\/p>\n\n\n\n<p>Kurzum, sch\u00f6n war&#8217;s.<\/p>\n\n\n\n<figure class=\"wp-block-gallery columns-3 is-cropped wp-block-gallery-2 is-layout-flex wp-block-gallery-is-layout-flex\"><ul class=\"blocks-gallery-grid\"><li class=\"blocks-gallery-item\"><figure><a href=\"https:\/\/www.artecreativo.de\/wordpress\/wp-content\/uploads\/2022\/01\/Klaus_Stickelbroeck_03.jpg\"><img loading=\"lazy\" decoding=\"async\" width=\"1600\" height=\"994\" src=\"https:\/\/www.artecreativo.de\/wordpress\/wp-content\/uploads\/2022\/01\/Klaus_Stickelbroeck_03.jpg\" alt=\"\" data-id=\"848\" data-full-url=\"https:\/\/www.artecreativo.de\/wordpress\/wp-content\/uploads\/2022\/01\/Klaus_Stickelbroeck_03.jpg\" data-link=\"https:\/\/www.artecreativo.de\/wordpress\/?attachment_id=848\" class=\"wp-image-848\" srcset=\"https:\/\/www.artecreativo.de\/wordpress\/wp-content\/uploads\/2022\/01\/Klaus_Stickelbroeck_03.jpg 1600w, https:\/\/www.artecreativo.de\/wordpress\/wp-content\/uploads\/2022\/01\/Klaus_Stickelbroeck_03-300x186.jpg 300w, https:\/\/www.artecreativo.de\/wordpress\/wp-content\/uploads\/2022\/01\/Klaus_Stickelbroeck_03-768x477.jpg 768w, https:\/\/www.artecreativo.de\/wordpress\/wp-content\/uploads\/2022\/01\/Klaus_Stickelbroeck_03-1536x954.jpg 1536w, https:\/\/www.artecreativo.de\/wordpress\/wp-content\/uploads\/2022\/01\/Klaus_Stickelbroeck_03-840x522.jpg 840w, https:\/\/www.artecreativo.de\/wordpress\/wp-content\/uploads\/2022\/01\/Klaus_Stickelbroeck_03-280x175.jpg 280w, https:\/\/www.artecreativo.de\/wordpress\/wp-content\/uploads\/2022\/01\/Klaus_Stickelbroeck_03-600x373.jpg 600w\" sizes=\"auto, (max-width: 1600px) 100vw, 1600px\" \/><\/a><\/figure><\/li><li class=\"blocks-gallery-item\"><figure><a href=\"https:\/\/www.artecreativo.de\/wordpress\/wp-content\/uploads\/2022\/01\/Klaus_Stickelbroeck_02.jpg\"><img loading=\"lazy\" decoding=\"async\" width=\"1600\" height=\"1041\" src=\"https:\/\/www.artecreativo.de\/wordpress\/wp-content\/uploads\/2022\/01\/Klaus_Stickelbroeck_02.jpg\" alt=\"\" data-id=\"847\" data-full-url=\"https:\/\/www.artecreativo.de\/wordpress\/wp-content\/uploads\/2022\/01\/Klaus_Stickelbroeck_02.jpg\" data-link=\"https:\/\/www.artecreativo.de\/wordpress\/?attachment_id=847\" class=\"wp-image-847\" srcset=\"https:\/\/www.artecreativo.de\/wordpress\/wp-content\/uploads\/2022\/01\/Klaus_Stickelbroeck_02.jpg 1600w, https:\/\/www.artecreativo.de\/wordpress\/wp-content\/uploads\/2022\/01\/Klaus_Stickelbroeck_02-300x195.jpg 300w, https:\/\/www.artecreativo.de\/wordpress\/wp-content\/uploads\/2022\/01\/Klaus_Stickelbroeck_02-768x500.jpg 768w, https:\/\/www.artecreativo.de\/wordpress\/wp-content\/uploads\/2022\/01\/Klaus_Stickelbroeck_02-1536x999.jpg 1536w, https:\/\/www.artecreativo.de\/wordpress\/wp-content\/uploads\/2022\/01\/Klaus_Stickelbroeck_02-807x525.jpg 807w, https:\/\/www.artecreativo.de\/wordpress\/wp-content\/uploads\/2022\/01\/Klaus_Stickelbroeck_02-576x375.jpg 576w\" sizes=\"auto, (max-width: 1600px) 100vw, 1600px\" \/><\/a><\/figure><\/li><li class=\"blocks-gallery-item\"><figure><a href=\"https:\/\/www.artecreativo.de\/wordpress\/wp-content\/uploads\/2022\/01\/Klaus_Stickelbroeck_04.jpg\"><img loading=\"lazy\" decoding=\"async\" width=\"1600\" height=\"1067\" src=\"https:\/\/www.artecreativo.de\/wordpress\/wp-content\/uploads\/2022\/01\/Klaus_Stickelbroeck_04.jpg\" alt=\"\" data-id=\"849\" data-full-url=\"https:\/\/www.artecreativo.de\/wordpress\/wp-content\/uploads\/2022\/01\/Klaus_Stickelbroeck_04.jpg\" data-link=\"https:\/\/www.artecreativo.de\/wordpress\/?attachment_id=849\" class=\"wp-image-849\" srcset=\"https:\/\/www.artecreativo.de\/wordpress\/wp-content\/uploads\/2022\/01\/Klaus_Stickelbroeck_04.jpg 1600w, https:\/\/www.artecreativo.de\/wordpress\/wp-content\/uploads\/2022\/01\/Klaus_Stickelbroeck_04-300x200.jpg 300w, https:\/\/www.artecreativo.de\/wordpress\/wp-content\/uploads\/2022\/01\/Klaus_Stickelbroeck_04-768x512.jpg 768w, https:\/\/www.artecreativo.de\/wordpress\/wp-content\/uploads\/2022\/01\/Klaus_Stickelbroeck_04-1536x1024.jpg 1536w, https:\/\/www.artecreativo.de\/wordpress\/wp-content\/uploads\/2022\/01\/Klaus_Stickelbroeck_04-787x525.jpg 787w, https:\/\/www.artecreativo.de\/wordpress\/wp-content\/uploads\/2022\/01\/Klaus_Stickelbroeck_04-120x80.jpg 120w, https:\/\/www.artecreativo.de\/wordpress\/wp-content\/uploads\/2022\/01\/Klaus_Stickelbroeck_04-562x375.jpg 562w\" sizes=\"auto, (max-width: 1600px) 100vw, 1600px\" \/><\/a><\/figure><\/li><li class=\"blocks-gallery-item\"><figure><a href=\"https:\/\/www.artecreativo.de\/wordpress\/wp-content\/uploads\/2022\/01\/Klaus_Stickelbroeck_05.jpg\"><img loading=\"lazy\" decoding=\"async\" width=\"1600\" height=\"1006\" src=\"https:\/\/www.artecreativo.de\/wordpress\/wp-content\/uploads\/2022\/01\/Klaus_Stickelbroeck_05.jpg\" alt=\"\" data-id=\"850\" data-full-url=\"https:\/\/www.artecreativo.de\/wordpress\/wp-content\/uploads\/2022\/01\/Klaus_Stickelbroeck_05.jpg\" data-link=\"https:\/\/www.artecreativo.de\/wordpress\/?attachment_id=850\" class=\"wp-image-850\" srcset=\"https:\/\/www.artecreativo.de\/wordpress\/wp-content\/uploads\/2022\/01\/Klaus_Stickelbroeck_05.jpg 1600w, https:\/\/www.artecreativo.de\/wordpress\/wp-content\/uploads\/2022\/01\/Klaus_Stickelbroeck_05-300x189.jpg 300w, https:\/\/www.artecreativo.de\/wordpress\/wp-content\/uploads\/2022\/01\/Klaus_Stickelbroeck_05-768x483.jpg 768w, https:\/\/www.artecreativo.de\/wordpress\/wp-content\/uploads\/2022\/01\/Klaus_Stickelbroeck_05-1536x966.jpg 1536w, https:\/\/www.artecreativo.de\/wordpress\/wp-content\/uploads\/2022\/01\/Klaus_Stickelbroeck_05-835x525.jpg 835w, https:\/\/www.artecreativo.de\/wordpress\/wp-content\/uploads\/2022\/01\/Klaus_Stickelbroeck_05-280x175.jpg 280w, https:\/\/www.artecreativo.de\/wordpress\/wp-content\/uploads\/2022\/01\/Klaus_Stickelbroeck_05-596x375.jpg 596w\" sizes=\"auto, (max-width: 1600px) 100vw, 1600px\" \/><\/a><\/figure><\/li><li class=\"blocks-gallery-item\"><figure><a href=\"https:\/\/www.artecreativo.de\/wordpress\/wp-content\/uploads\/2022\/01\/Klaus_Stickelbroeck_08.jpg\"><img loading=\"lazy\" decoding=\"async\" width=\"1600\" height=\"1109\" src=\"https:\/\/www.artecreativo.de\/wordpress\/wp-content\/uploads\/2022\/01\/Klaus_Stickelbroeck_08.jpg\" alt=\"\" data-id=\"853\" data-full-url=\"https:\/\/www.artecreativo.de\/wordpress\/wp-content\/uploads\/2022\/01\/Klaus_Stickelbroeck_08.jpg\" data-link=\"https:\/\/www.artecreativo.de\/wordpress\/?attachment_id=853\" class=\"wp-image-853\" srcset=\"https:\/\/www.artecreativo.de\/wordpress\/wp-content\/uploads\/2022\/01\/Klaus_Stickelbroeck_08.jpg 1600w, https:\/\/www.artecreativo.de\/wordpress\/wp-content\/uploads\/2022\/01\/Klaus_Stickelbroeck_08-300x208.jpg 300w, https:\/\/www.artecreativo.de\/wordpress\/wp-content\/uploads\/2022\/01\/Klaus_Stickelbroeck_08-768x532.jpg 768w, https:\/\/www.artecreativo.de\/wordpress\/wp-content\/uploads\/2022\/01\/Klaus_Stickelbroeck_08-1536x1065.jpg 1536w, https:\/\/www.artecreativo.de\/wordpress\/wp-content\/uploads\/2022\/01\/Klaus_Stickelbroeck_08-757x525.jpg 757w, https:\/\/www.artecreativo.de\/wordpress\/wp-content\/uploads\/2022\/01\/Klaus_Stickelbroeck_08-541x375.jpg 541w\" sizes=\"auto, (max-width: 1600px) 100vw, 1600px\" \/><\/a><\/figure><\/li><li class=\"blocks-gallery-item\"><figure><a href=\"https:\/\/www.artecreativo.de\/wordpress\/wp-content\/uploads\/2022\/01\/Klaus_Stickelbroeck_06.jpg\"><img loading=\"lazy\" decoding=\"async\" width=\"1600\" height=\"1036\" src=\"https:\/\/www.artecreativo.de\/wordpress\/wp-content\/uploads\/2022\/01\/Klaus_Stickelbroeck_06.jpg\" alt=\"\" data-id=\"851\" data-full-url=\"https:\/\/www.artecreativo.de\/wordpress\/wp-content\/uploads\/2022\/01\/Klaus_Stickelbroeck_06.jpg\" data-link=\"https:\/\/www.artecreativo.de\/wordpress\/?attachment_id=851\" class=\"wp-image-851\" srcset=\"https:\/\/www.artecreativo.de\/wordpress\/wp-content\/uploads\/2022\/01\/Klaus_Stickelbroeck_06.jpg 1600w, https:\/\/www.artecreativo.de\/wordpress\/wp-content\/uploads\/2022\/01\/Klaus_Stickelbroeck_06-300x194.jpg 300w, https:\/\/www.artecreativo.de\/wordpress\/wp-content\/uploads\/2022\/01\/Klaus_Stickelbroeck_06-768x497.jpg 768w, https:\/\/www.artecreativo.de\/wordpress\/wp-content\/uploads\/2022\/01\/Klaus_Stickelbroeck_06-1536x995.jpg 1536w, https:\/\/www.artecreativo.de\/wordpress\/wp-content\/uploads\/2022\/01\/Klaus_Stickelbroeck_06-811x525.jpg 811w, https:\/\/www.artecreativo.de\/wordpress\/wp-content\/uploads\/2022\/01\/Klaus_Stickelbroeck_06-579x375.jpg 579w\" sizes=\"auto, (max-width: 1600px) 100vw, 1600px\" \/><\/a><\/figure><\/li><li class=\"blocks-gallery-item\"><figure><a href=\"https:\/\/www.artecreativo.de\/wordpress\/wp-content\/uploads\/2022\/01\/Klaus_Stickelbroeck_09.jpg\"><img loading=\"lazy\" decoding=\"async\" width=\"1600\" height=\"920\" src=\"https:\/\/www.artecreativo.de\/wordpress\/wp-content\/uploads\/2022\/01\/Klaus_Stickelbroeck_09.jpg\" alt=\"\" data-id=\"854\" data-full-url=\"https:\/\/www.artecreativo.de\/wordpress\/wp-content\/uploads\/2022\/01\/Klaus_Stickelbroeck_09.jpg\" data-link=\"https:\/\/www.artecreativo.de\/wordpress\/?attachment_id=854\" class=\"wp-image-854\" srcset=\"https:\/\/www.artecreativo.de\/wordpress\/wp-content\/uploads\/2022\/01\/Klaus_Stickelbroeck_09.jpg 1600w, https:\/\/www.artecreativo.de\/wordpress\/wp-content\/uploads\/2022\/01\/Klaus_Stickelbroeck_09-300x173.jpg 300w, https:\/\/www.artecreativo.de\/wordpress\/wp-content\/uploads\/2022\/01\/Klaus_Stickelbroeck_09-768x442.jpg 768w, https:\/\/www.artecreativo.de\/wordpress\/wp-content\/uploads\/2022\/01\/Klaus_Stickelbroeck_09-1536x883.jpg 1536w, https:\/\/www.artecreativo.de\/wordpress\/wp-content\/uploads\/2022\/01\/Klaus_Stickelbroeck_09-840x483.jpg 840w, https:\/\/www.artecreativo.de\/wordpress\/wp-content\/uploads\/2022\/01\/Klaus_Stickelbroeck_09-600x345.jpg 600w\" sizes=\"auto, (max-width: 1600px) 100vw, 1600px\" \/><\/a><\/figure><\/li><li class=\"blocks-gallery-item\"><figure><a href=\"https:\/\/www.artecreativo.de\/wordpress\/wp-content\/uploads\/2022\/01\/Klaus_Stickelbroeck_07.jpg\"><img loading=\"lazy\" decoding=\"async\" width=\"1600\" height=\"1029\" src=\"https:\/\/www.artecreativo.de\/wordpress\/wp-content\/uploads\/2022\/01\/Klaus_Stickelbroeck_07.jpg\" alt=\"\" data-id=\"852\" data-full-url=\"https:\/\/www.artecreativo.de\/wordpress\/wp-content\/uploads\/2022\/01\/Klaus_Stickelbroeck_07.jpg\" data-link=\"https:\/\/www.artecreativo.de\/wordpress\/?attachment_id=852\" class=\"wp-image-852\" srcset=\"https:\/\/www.artecreativo.de\/wordpress\/wp-content\/uploads\/2022\/01\/Klaus_Stickelbroeck_07.jpg 1600w, https:\/\/www.artecreativo.de\/wordpress\/wp-content\/uploads\/2022\/01\/Klaus_Stickelbroeck_07-300x193.jpg 300w, https:\/\/www.artecreativo.de\/wordpress\/wp-content\/uploads\/2022\/01\/Klaus_Stickelbroeck_07-768x494.jpg 768w, https:\/\/www.artecreativo.de\/wordpress\/wp-content\/uploads\/2022\/01\/Klaus_Stickelbroeck_07-1536x988.jpg 1536w, https:\/\/www.artecreativo.de\/wordpress\/wp-content\/uploads\/2022\/01\/Klaus_Stickelbroeck_07-816x525.jpg 816w, https:\/\/www.artecreativo.de\/wordpress\/wp-content\/uploads\/2022\/01\/Klaus_Stickelbroeck_07-583x375.jpg 583w\" sizes=\"auto, (max-width: 1600px) 100vw, 1600px\" \/><\/a><\/figure><\/li><li class=\"blocks-gallery-item\"><figure><a href=\"https:\/\/www.artecreativo.de\/wordpress\/wp-content\/uploads\/2022\/01\/Klaus_Stickelbroeck_01.jpg\"><img loading=\"lazy\" decoding=\"async\" width=\"1600\" height=\"1067\" src=\"https:\/\/www.artecreativo.de\/wordpress\/wp-content\/uploads\/2022\/01\/Klaus_Stickelbroeck_01.jpg\" alt=\"\" data-id=\"846\" data-full-url=\"https:\/\/www.artecreativo.de\/wordpress\/wp-content\/uploads\/2022\/01\/Klaus_Stickelbroeck_01.jpg\" data-link=\"https:\/\/www.artecreativo.de\/wordpress\/?attachment_id=846\" class=\"wp-image-846\" srcset=\"https:\/\/www.artecreativo.de\/wordpress\/wp-content\/uploads\/2022\/01\/Klaus_Stickelbroeck_01.jpg 1600w, https:\/\/www.artecreativo.de\/wordpress\/wp-content\/uploads\/2022\/01\/Klaus_Stickelbroeck_01-300x200.jpg 300w, https:\/\/www.artecreativo.de\/wordpress\/wp-content\/uploads\/2022\/01\/Klaus_Stickelbroeck_01-768x512.jpg 768w, https:\/\/www.artecreativo.de\/wordpress\/wp-content\/uploads\/2022\/01\/Klaus_Stickelbroeck_01-1536x1024.jpg 1536w, https:\/\/www.artecreativo.de\/wordpress\/wp-content\/uploads\/2022\/01\/Klaus_Stickelbroeck_01-787x525.jpg 787w, https:\/\/www.artecreativo.de\/wordpress\/wp-content\/uploads\/2022\/01\/Klaus_Stickelbroeck_01-120x80.jpg 120w, https:\/\/www.artecreativo.de\/wordpress\/wp-content\/uploads\/2022\/01\/Klaus_Stickelbroeck_01-562x375.jpg 562w\" sizes=\"auto, (max-width: 1600px) 100vw, 1600px\" \/><\/a><\/figure><\/li><\/ul><\/figure>\n\n\n\n<p>[1] <a href=\"https:\/\/www.klausstickelbroeck.de\/\" target=\"_blank\" rel=\"noreferrer noopener\">die offizielle Internet-Pr\u00e4senz von Klaus Stickelbroeck<\/a><br>[2] <a href=\"https:\/\/kbv-verlag.de\/\" target=\"_blank\" rel=\"noreferrer noopener\">Homepage des KBV Verlags<\/a><br>[3] <a href=\"https:\/\/www.buecher-dietsch.de\/\" target=\"_blank\" rel=\"noreferrer noopener\">Buchhandlung Dietsch in D\u00fcsseldorf-Benrath<\/a><\/p>\n","protected":false},"excerpt":{"rendered":"<p>Vor ein paar Tagen hatten wir das gro\u00dfe Vergn\u00fcgen einer Lesung von Klaus Stickelbroeck lauschen zu d\u00fcrfen. In der Benrather Buchhandlung Dietsch hat er unter anderem Kostproben aus seinem aktuellen Buch &#8222;Fesseltrick&#8220; zum Besten gegeben.<\/p>\n","protected":false},"author":1,"featured_media":846,"comment_status":"open","ping_status":"open","sticky":false,"template":"","format":"standard","meta":{"footnotes":""},"categories":[25],"tags":[106,105,104,108,107,109,110],"class_list":["post-844","post","type-post","status-publish","format-standard","has-post-thumbnail","hentry","category-unterwegs-mit-arte-creativo","tag-benrath","tag-buchhandlung-dietsch","tag-fesseltrick","tag-kbv-verlag","tag-klaus-stickelbroeck","tag-krimi","tag-lesung-mit-dem-autor"],"yoast_head":"<!-- This site is optimized with the Yoast SEO plugin v27.5 - https:\/\/yoast.com\/product\/yoast-seo-wordpress\/ -->\n<title>Fesseltrick - Arte Creativo<\/title>\n<meta name=\"description\" content=\"Fesseltrick - Unterwegs mit Arte Creativo - Arte Creativo - Fotografie - Werbung - Web-Design - Fotodesign - Webgestaltung - Events - Kunst - Design\" \/>\n<meta name=\"robots\" content=\"index, follow, max-snippet:-1, max-image-preview:large, max-video-preview:-1\" \/>\n<link rel=\"canonical\" href=\"https:\/\/www.artecreativo.de\/wordpress\/fesseltrick\/\" \/>\n<meta property=\"og:locale\" content=\"de_DE\" \/>\n<meta property=\"og:type\" content=\"article\" \/>\n<meta property=\"og:title\" content=\"Fesseltrick - Arte Creativo\" \/>\n<meta property=\"og:description\" content=\"Fesseltrick - Unterwegs mit Arte Creativo - Arte Creativo - Fotografie - Werbung - Web-Design - Fotodesign - Webgestaltung - Events - Kunst - Design\" \/>\n<meta property=\"og:url\" content=\"https:\/\/www.artecreativo.de\/wordpress\/fesseltrick\/\" \/>\n<meta property=\"og:site_name\" content=\"Arte Creativo\" \/>\n<meta property=\"article:published_time\" content=\"2022-01-17T19:58:40+00:00\" \/>\n<meta property=\"article:modified_time\" content=\"2025-05-04T18:30:42+00:00\" \/>\n<meta property=\"og:image\" content=\"https:\/\/www.artecreativo.de\/wordpress\/wp-content\/uploads\/2022\/01\/Klaus_Stickelbroeck_01.jpg\" \/>\n\t<meta property=\"og:image:width\" content=\"1600\" \/>\n\t<meta property=\"og:image:height\" content=\"1067\" \/>\n\t<meta property=\"og:image:type\" content=\"image\/jpeg\" \/>\n<meta name=\"author\" content=\"AC-Team\" \/>\n<meta name=\"twitter:card\" content=\"summary_large_image\" \/>\n<meta name=\"twitter:label1\" content=\"Verfasst von\" \/>\n\t<meta name=\"twitter:data1\" content=\"AC-Team\" \/>\n\t<meta name=\"twitter:label2\" content=\"Gesch\u00e4tzte Lesezeit\" \/>\n\t<meta name=\"twitter:data2\" content=\"3\u00a0Minuten\" \/>\n<script type=\"application\/ld+json\" class=\"yoast-schema-graph\">{\"@context\":\"https:\\\/\\\/schema.org\",\"@graph\":[{\"@type\":\"Article\",\"@id\":\"https:\\\/\\\/www.artecreativo.de\\\/wordpress\\\/fesseltrick\\\/#article\",\"isPartOf\":{\"@id\":\"https:\\\/\\\/www.artecreativo.de\\\/wordpress\\\/fesseltrick\\\/\"},\"author\":{\"name\":\"AC-Team\",\"@id\":\"https:\\\/\\\/www.artecreativo.de\\\/wordpress\\\/#\\\/schema\\\/person\\\/a139115e0f4ae77f19585328c6d76070\"},\"headline\":\"Fesseltrick\",\"datePublished\":\"2022-01-17T19:58:40+00:00\",\"dateModified\":\"2025-05-04T18:30:42+00:00\",\"mainEntityOfPage\":{\"@id\":\"https:\\\/\\\/www.artecreativo.de\\\/wordpress\\\/fesseltrick\\\/\"},\"wordCount\":182,\"commentCount\":0,\"publisher\":{\"@id\":\"https:\\\/\\\/www.artecreativo.de\\\/wordpress\\\/#organization\"},\"image\":{\"@id\":\"https:\\\/\\\/www.artecreativo.de\\\/wordpress\\\/fesseltrick\\\/#primaryimage\"},\"thumbnailUrl\":\"https:\\\/\\\/www.artecreativo.de\\\/wordpress\\\/wp-content\\\/uploads\\\/2022\\\/01\\\/Klaus_Stickelbroeck_01.jpg\",\"keywords\":[\"Benrath\",\"Buchhandlung Dietsch\",\"Fesseltrick\",\"KBV Verlag\",\"Klaus Stickelbroeck\",\"Krimi\",\"Lesung mit dem Autor\"],\"articleSection\":[\"Unterwegs mit Arte Creativo\"],\"inLanguage\":\"de\",\"potentialAction\":[{\"@type\":\"CommentAction\",\"name\":\"Comment\",\"target\":[\"https:\\\/\\\/www.artecreativo.de\\\/wordpress\\\/fesseltrick\\\/#respond\"]}]},{\"@type\":\"WebPage\",\"@id\":\"https:\\\/\\\/www.artecreativo.de\\\/wordpress\\\/fesseltrick\\\/\",\"url\":\"https:\\\/\\\/www.artecreativo.de\\\/wordpress\\\/fesseltrick\\\/\",\"name\":\"Fesseltrick - Arte Creativo\",\"isPartOf\":{\"@id\":\"https:\\\/\\\/www.artecreativo.de\\\/wordpress\\\/#website\"},\"primaryImageOfPage\":{\"@id\":\"https:\\\/\\\/www.artecreativo.de\\\/wordpress\\\/fesseltrick\\\/#primaryimage\"},\"image\":{\"@id\":\"https:\\\/\\\/www.artecreativo.de\\\/wordpress\\\/fesseltrick\\\/#primaryimage\"},\"thumbnailUrl\":\"https:\\\/\\\/www.artecreativo.de\\\/wordpress\\\/wp-content\\\/uploads\\\/2022\\\/01\\\/Klaus_Stickelbroeck_01.jpg\",\"datePublished\":\"2022-01-17T19:58:40+00:00\",\"dateModified\":\"2025-05-04T18:30:42+00:00\",\"description\":\"Fesseltrick - Unterwegs mit Arte Creativo - Arte Creativo - Fotografie - Werbung - Web-Design - Fotodesign - Webgestaltung - Events - Kunst - Design\",\"breadcrumb\":{\"@id\":\"https:\\\/\\\/www.artecreativo.de\\\/wordpress\\\/fesseltrick\\\/#breadcrumb\"},\"inLanguage\":\"de\",\"potentialAction\":[{\"@type\":\"ReadAction\",\"target\":[\"https:\\\/\\\/www.artecreativo.de\\\/wordpress\\\/fesseltrick\\\/\"]}]},{\"@type\":\"ImageObject\",\"inLanguage\":\"de\",\"@id\":\"https:\\\/\\\/www.artecreativo.de\\\/wordpress\\\/fesseltrick\\\/#primaryimage\",\"url\":\"https:\\\/\\\/www.artecreativo.de\\\/wordpress\\\/wp-content\\\/uploads\\\/2022\\\/01\\\/Klaus_Stickelbroeck_01.jpg\",\"contentUrl\":\"https:\\\/\\\/www.artecreativo.de\\\/wordpress\\\/wp-content\\\/uploads\\\/2022\\\/01\\\/Klaus_Stickelbroeck_01.jpg\",\"width\":1600,\"height\":1067},{\"@type\":\"BreadcrumbList\",\"@id\":\"https:\\\/\\\/www.artecreativo.de\\\/wordpress\\\/fesseltrick\\\/#breadcrumb\",\"itemListElement\":[{\"@type\":\"ListItem\",\"position\":1,\"name\":\"Startseite\",\"item\":\"https:\\\/\\\/www.artecreativo.de\\\/wordpress\\\/\"},{\"@type\":\"ListItem\",\"position\":2,\"name\":\"Fesseltrick\"}]},{\"@type\":\"WebSite\",\"@id\":\"https:\\\/\\\/www.artecreativo.de\\\/wordpress\\\/#website\",\"url\":\"https:\\\/\\\/www.artecreativo.de\\\/wordpress\\\/\",\"name\":\"Arte Creativo\",\"description\":\"Fotodesign &amp; Webgestaltung\",\"publisher\":{\"@id\":\"https:\\\/\\\/www.artecreativo.de\\\/wordpress\\\/#organization\"},\"potentialAction\":[{\"@type\":\"SearchAction\",\"target\":{\"@type\":\"EntryPoint\",\"urlTemplate\":\"https:\\\/\\\/www.artecreativo.de\\\/wordpress\\\/?s={search_term_string}\"},\"query-input\":{\"@type\":\"PropertyValueSpecification\",\"valueRequired\":true,\"valueName\":\"search_term_string\"}}],\"inLanguage\":\"de\"},{\"@type\":\"Organization\",\"@id\":\"https:\\\/\\\/www.artecreativo.de\\\/wordpress\\\/#organization\",\"name\":\"Arte Creativo\",\"url\":\"https:\\\/\\\/www.artecreativo.de\\\/wordpress\\\/\",\"logo\":{\"@type\":\"ImageObject\",\"inLanguage\":\"de\",\"@id\":\"https:\\\/\\\/www.artecreativo.de\\\/wordpress\\\/#\\\/schema\\\/logo\\\/image\\\/\",\"url\":\"https:\\\/\\\/www.artecreativo.de\\\/wordpress\\\/wp-content\\\/uploads\\\/2018\\\/08\\\/cropped-Logo-840px.png\",\"contentUrl\":\"https:\\\/\\\/www.artecreativo.de\\\/wordpress\\\/wp-content\\\/uploads\\\/2018\\\/08\\\/cropped-Logo-840px.png\",\"width\":840,\"height\":151,\"caption\":\"Arte Creativo\"},\"image\":{\"@id\":\"https:\\\/\\\/www.artecreativo.de\\\/wordpress\\\/#\\\/schema\\\/logo\\\/image\\\/\"}},{\"@type\":\"Person\",\"@id\":\"https:\\\/\\\/www.artecreativo.de\\\/wordpress\\\/#\\\/schema\\\/person\\\/a139115e0f4ae77f19585328c6d76070\",\"name\":\"AC-Team\"}]}<\/script>\n<!-- \/ Yoast SEO plugin. -->","yoast_head_json":{"title":"Fesseltrick - Arte Creativo","description":"Fesseltrick - Unterwegs mit Arte Creativo - Arte Creativo - Fotografie - Werbung - Web-Design - Fotodesign - Webgestaltung - Events - Kunst - Design","robots":{"index":"index","follow":"follow","max-snippet":"max-snippet:-1","max-image-preview":"max-image-preview:large","max-video-preview":"max-video-preview:-1"},"canonical":"https:\/\/www.artecreativo.de\/wordpress\/fesseltrick\/","og_locale":"de_DE","og_type":"article","og_title":"Fesseltrick - Arte Creativo","og_description":"Fesseltrick - Unterwegs mit Arte Creativo - Arte Creativo - Fotografie - Werbung - Web-Design - Fotodesign - Webgestaltung - Events - Kunst - Design","og_url":"https:\/\/www.artecreativo.de\/wordpress\/fesseltrick\/","og_site_name":"Arte Creativo","article_published_time":"2022-01-17T19:58:40+00:00","article_modified_time":"2025-05-04T18:30:42+00:00","og_image":[{"width":1600,"height":1067,"url":"https:\/\/www.artecreativo.de\/wordpress\/wp-content\/uploads\/2022\/01\/Klaus_Stickelbroeck_01.jpg","type":"image\/jpeg"}],"author":"AC-Team","twitter_card":"summary_large_image","twitter_misc":{"Verfasst von":"AC-Team","Gesch\u00e4tzte Lesezeit":"3\u00a0Minuten"},"schema":{"@context":"https:\/\/schema.org","@graph":[{"@type":"Article","@id":"https:\/\/www.artecreativo.de\/wordpress\/fesseltrick\/#article","isPartOf":{"@id":"https:\/\/www.artecreativo.de\/wordpress\/fesseltrick\/"},"author":{"name":"AC-Team","@id":"https:\/\/www.artecreativo.de\/wordpress\/#\/schema\/person\/a139115e0f4ae77f19585328c6d76070"},"headline":"Fesseltrick","datePublished":"2022-01-17T19:58:40+00:00","dateModified":"2025-05-04T18:30:42+00:00","mainEntityOfPage":{"@id":"https:\/\/www.artecreativo.de\/wordpress\/fesseltrick\/"},"wordCount":182,"commentCount":0,"publisher":{"@id":"https:\/\/www.artecreativo.de\/wordpress\/#organization"},"image":{"@id":"https:\/\/www.artecreativo.de\/wordpress\/fesseltrick\/#primaryimage"},"thumbnailUrl":"https:\/\/www.artecreativo.de\/wordpress\/wp-content\/uploads\/2022\/01\/Klaus_Stickelbroeck_01.jpg","keywords":["Benrath","Buchhandlung Dietsch","Fesseltrick","KBV Verlag","Klaus Stickelbroeck","Krimi","Lesung mit dem Autor"],"articleSection":["Unterwegs mit Arte Creativo"],"inLanguage":"de","potentialAction":[{"@type":"CommentAction","name":"Comment","target":["https:\/\/www.artecreativo.de\/wordpress\/fesseltrick\/#respond"]}]},{"@type":"WebPage","@id":"https:\/\/www.artecreativo.de\/wordpress\/fesseltrick\/","url":"https:\/\/www.artecreativo.de\/wordpress\/fesseltrick\/","name":"Fesseltrick - Arte Creativo","isPartOf":{"@id":"https:\/\/www.artecreativo.de\/wordpress\/#website"},"primaryImageOfPage":{"@id":"https:\/\/www.artecreativo.de\/wordpress\/fesseltrick\/#primaryimage"},"image":{"@id":"https:\/\/www.artecreativo.de\/wordpress\/fesseltrick\/#primaryimage"},"thumbnailUrl":"https:\/\/www.artecreativo.de\/wordpress\/wp-content\/uploads\/2022\/01\/Klaus_Stickelbroeck_01.jpg","datePublished":"2022-01-17T19:58:40+00:00","dateModified":"2025-05-04T18:30:42+00:00","description":"Fesseltrick - Unterwegs mit Arte Creativo - Arte Creativo - Fotografie - Werbung - Web-Design - Fotodesign - Webgestaltung - Events - Kunst - Design","breadcrumb":{"@id":"https:\/\/www.artecreativo.de\/wordpress\/fesseltrick\/#breadcrumb"},"inLanguage":"de","potentialAction":[{"@type":"ReadAction","target":["https:\/\/www.artecreativo.de\/wordpress\/fesseltrick\/"]}]},{"@type":"ImageObject","inLanguage":"de","@id":"https:\/\/www.artecreativo.de\/wordpress\/fesseltrick\/#primaryimage","url":"https:\/\/www.artecreativo.de\/wordpress\/wp-content\/uploads\/2022\/01\/Klaus_Stickelbroeck_01.jpg","contentUrl":"https:\/\/www.artecreativo.de\/wordpress\/wp-content\/uploads\/2022\/01\/Klaus_Stickelbroeck_01.jpg","width":1600,"height":1067},{"@type":"BreadcrumbList","@id":"https:\/\/www.artecreativo.de\/wordpress\/fesseltrick\/#breadcrumb","itemListElement":[{"@type":"ListItem","position":1,"name":"Startseite","item":"https:\/\/www.artecreativo.de\/wordpress\/"},{"@type":"ListItem","position":2,"name":"Fesseltrick"}]},{"@type":"WebSite","@id":"https:\/\/www.artecreativo.de\/wordpress\/#website","url":"https:\/\/www.artecreativo.de\/wordpress\/","name":"Arte Creativo","description":"Fotodesign &amp; Webgestaltung","publisher":{"@id":"https:\/\/www.artecreativo.de\/wordpress\/#organization"},"potentialAction":[{"@type":"SearchAction","target":{"@type":"EntryPoint","urlTemplate":"https:\/\/www.artecreativo.de\/wordpress\/?s={search_term_string}"},"query-input":{"@type":"PropertyValueSpecification","valueRequired":true,"valueName":"search_term_string"}}],"inLanguage":"de"},{"@type":"Organization","@id":"https:\/\/www.artecreativo.de\/wordpress\/#organization","name":"Arte Creativo","url":"https:\/\/www.artecreativo.de\/wordpress\/","logo":{"@type":"ImageObject","inLanguage":"de","@id":"https:\/\/www.artecreativo.de\/wordpress\/#\/schema\/logo\/image\/","url":"https:\/\/www.artecreativo.de\/wordpress\/wp-content\/uploads\/2018\/08\/cropped-Logo-840px.png","contentUrl":"https:\/\/www.artecreativo.de\/wordpress\/wp-content\/uploads\/2018\/08\/cropped-Logo-840px.png","width":840,"height":151,"caption":"Arte Creativo"},"image":{"@id":"https:\/\/www.artecreativo.de\/wordpress\/#\/schema\/logo\/image\/"}},{"@type":"Person","@id":"https:\/\/www.artecreativo.de\/wordpress\/#\/schema\/person\/a139115e0f4ae77f19585328c6d76070","name":"AC-Team"}]}},"_links":{"self":[{"href":"https:\/\/www.artecreativo.de\/wordpress\/wp-json\/wp\/v2\/posts\/844","targetHints":{"allow":["GET"]}}],"collection":[{"href":"https:\/\/www.artecreativo.de\/wordpress\/wp-json\/wp\/v2\/posts"}],"about":[{"href":"https:\/\/www.artecreativo.de\/wordpress\/wp-json\/wp\/v2\/types\/post"}],"author":[{"embeddable":true,"href":"https:\/\/www.artecreativo.de\/wordpress\/wp-json\/wp\/v2\/users\/1"}],"replies":[{"embeddable":true,"href":"https:\/\/www.artecreativo.de\/wordpress\/wp-json\/wp\/v2\/comments?post=844"}],"version-history":[{"count":8,"href":"https:\/\/www.artecreativo.de\/wordpress\/wp-json\/wp\/v2\/posts\/844\/revisions"}],"predecessor-version":[{"id":1221,"href":"https:\/\/www.artecreativo.de\/wordpress\/wp-json\/wp\/v2\/posts\/844\/revisions\/1221"}],"wp:featuredmedia":[{"embeddable":true,"href":"https:\/\/www.artecreativo.de\/wordpress\/wp-json\/wp\/v2\/media\/846"}],"wp:attachment":[{"href":"https:\/\/www.artecreativo.de\/wordpress\/wp-json\/wp\/v2\/media?parent=844"}],"wp:term":[{"taxonomy":"category","embeddable":true,"href":"https:\/\/www.artecreativo.de\/wordpress\/wp-json\/wp\/v2\/categories?post=844"},{"taxonomy":"post_tag","embeddable":true,"href":"https:\/\/www.artecreativo.de\/wordpress\/wp-json\/wp\/v2\/tags?post=844"}],"curies":[{"name":"wp","href":"https:\/\/api.w.org\/{rel}","templated":true}]}}